{"id":1485,"date":"2023-04-13T16:16:22","date_gmt":"2023-04-13T14:16:22","guid":{"rendered":"https:\/\/wordpress.hak-steyr.at\/befair\/?p=1485"},"modified":"2023-04-13T16:16:22","modified_gmt":"2023-04-13T14:16:22","slug":"fairtrade","status":"publish","type":"post","link":"https:\/\/wordpress.hak-steyr.at\/befair\/fairtrade\/","title":{"rendered":"FairTrade"},"content":{"rendered":"\n<figure class=\"wp-block-image size-large\"><a href=\"https:\/\/wordpress.hak-steyr.at\/befair\/wp-content\/uploads\/2022\/01\/FAIRTRADE@Work-Auszeichnung-Befair-GmbH.pdf\"><img loading=\"lazy\" width=\"724\" height=\"1024\" src=\"https:\/\/wordpress.hak-steyr.at\/befair\/wp-content\/uploads\/2022\/01\/FAIRTRADE@Work-Auszeichnung-Befair-GmbH-pdf-724x1024.jpg\" alt=\"\" class=\"wp-image-1555\"\/><\/a><\/figure>\n\n\n\n<figure class=\"wp-block-image size-full\"><a href=\"https:\/\/wordpress.hak-steyr.at\/befair\/wp-content\/uploads\/2022\/01\/fairtrade@work.jpg\"><img loading=\"lazy\" width=\"466\" height=\"659\" src=\"https:\/\/wordpress.hak-steyr.at\/befair\/wp-content\/uploads\/2022\/01\/fairtrade@work.jpg\" alt=\"\" class=\"wp-image-1486\" srcset=\"https:\/\/wordpress.hak-steyr.at\/befair\/wp-content\/uploads\/2022\/01\/fairtrade@work.jpg 466w, https:\/\/wordpress.hak-steyr.at\/befair\/wp-content\/uploads\/2022\/01\/fairtrade@work-212x300.jpg 212w\" sizes=\"(max-width: 466px) 100vw, 466px\" \/><\/a><\/figure>\n\n\n\n<p>Unser Unternehmen freut sich sehr \u00fcber den Erhalt einer Fairtrade-Urkunde. Diese haben wir f\u00fcr unser Bem\u00fchen eines klimafreundlichen und umweltbewussten Betriebes erhalten. Die Abteilung Presonal &amp; Recht hat sich in den letzten Wochen in Person von Mara Grillnberger und Sara Hero um dieses Zertifikat bem\u00fcht.<\/p>\n\n\n\n<p>2023 haben wir erneut dieses Zertifikat erhalten f\u00fcr den Verkauf von Fairtrade Produkten an unserer Schule. Die Abteilung Gesch\u00e4ftsf\u00fchrung unter Antonia Gurusamy und Emma Brunner haben sich um dieses Zertifikat bem\u00fcht.<\/p>\n","protected":false},"excerpt":{"rendered":"<p>Unser Unternehmen freut sich sehr \u00fcber den Erhalt einer Fairtrade-Urkunde. Diese haben wir f\u00fcr unser Bem\u00fchen eines klimafreundlichen und umweltbewussten Betriebes erhalten. Die Abteilung Presonal &amp; Recht hat sich in den letzten Wochen in Person von Mara Grillnberger und Sara Hero um dieses Zertifikat bem\u00fcht. 2023 haben wir erneut dieses Zertifikat erhalten f\u00fcr den Verkauf&hellip; <br \/> <a class=\"read-more\" href=\"https:\/\/wordpress.hak-steyr.at\/befair\/fairtrade\/\">Weiterlesen<\/a><\/p>\n","protected":false},"author":3,"featured_media":0,"comment_status":"closed","ping_status":"closed","sticky":false,"template":"","format":"standard","meta":[],"categories":[1],"tags":[],"_links":{"self":[{"href":"https:\/\/wordpress.hak-steyr.at\/befair\/wp-json\/wp\/v2\/posts\/1485"}],"collection":[{"href":"https:\/\/wordpress.hak-steyr.at\/befair\/wp-json\/wp\/v2\/posts"}],"about":[{"href":"https:\/\/wordpress.hak-steyr.at\/befair\/wp-json\/wp\/v2\/types\/post"}],"author":[{"embeddable":true,"href":"https:\/\/wordpress.hak-steyr.at\/befair\/wp-json\/wp\/v2\/users\/3"}],"replies":[{"embeddable":true,"href":"https:\/\/wordpress.hak-steyr.at\/befair\/wp-json\/wp\/v2\/comments?post=1485"}],"version-history":[{"count":4,"href":"https:\/\/wordpress.hak-steyr.at\/befair\/wp-json\/wp\/v2\/posts\/1485\/revisions"}],"predecessor-version":[{"id":1557,"href":"https:\/\/wordpress.hak-steyr.at\/befair\/wp-json\/wp\/v2\/posts\/1485\/revisions\/1557"}],"wp:attachment":[{"href":"https:\/\/wordpress.hak-steyr.at\/befair\/wp-json\/wp\/v2\/media?parent=1485"}],"wp:term":[{"taxonomy":"category","embeddable":true,"href":"https:\/\/wordpress.hak-steyr.at\/befair\/wp-json\/wp\/v2\/categories?post=1485"},{"taxonomy":"post_tag","embeddable":true,"href":"https:\/\/wordpress.hak-steyr.at\/befair\/wp-json\/wp\/v2\/tags?post=1485"}],"curies":[{"name":"wp","href":"https:\/\/api.w.org\/{rel}","templated":true}]}}