{"id":590,"date":"2016-05-03T14:50:20","date_gmt":"2016-05-03T12:50:20","guid":{"rendered":"http:\/\/wordpress.hak-steyr.at\/befair\/?p=590"},"modified":"2018-11-08T16:47:03","modified_gmt":"2018-11-08T14:47:03","slug":"zertifikat-qualitaetsmarke","status":"publish","type":"post","link":"https:\/\/wordpress.hak-steyr.at\/befair\/zertifikat-qualitaetsmarke\/","title":{"rendered":"Zertifikat Qualit\u00e4tsmarke"},"content":{"rendered":"<p>Zwei unserer Befair Handels GmbH Mitarbeiter besuchten am Dienstag den 26. April die Preisverleihung in Linz. Mit viel M\u00fche und Arbeit konnte unsere \u00dcbungsfirma den begehrten Preis Qualit\u00e4tsmarke nach Steyr holen.<a href=\"http:\/\/wordpress.hak-steyr.at\/befair\/wp-content\/uploads\/2016\/05\/14353231.jpg\"><img loading=\"lazy\" class=\"alignright size-full wp-image-596\" src=\"http:\/\/wordpress.hak-steyr.at\/befair\/wp-content\/uploads\/2016\/05\/14353231.jpg\" alt=\"1435323\" width=\"848\" height=\"567\" srcset=\"https:\/\/wordpress.hak-steyr.at\/befair\/wp-content\/uploads\/2016\/05\/14353231.jpg 848w, https:\/\/wordpress.hak-steyr.at\/befair\/wp-content\/uploads\/2016\/05\/14353231-300x200.jpg 300w\" sizes=\"(max-width: 848px) 100vw, 848px\" \/><\/a> <a href=\"http:\/\/wordpress.hak-steyr.at\/befair\/wp-content\/uploads\/2016\/05\/14353381.jpg\"><img loading=\"lazy\" class=\"alignright size-full wp-image-597\" src=\"http:\/\/wordpress.hak-steyr.at\/befair\/wp-content\/uploads\/2016\/05\/14353381.jpg\" alt=\"1435338\" width=\"848\" height=\"567\" srcset=\"https:\/\/wordpress.hak-steyr.at\/befair\/wp-content\/uploads\/2016\/05\/14353381.jpg 848w, https:\/\/wordpress.hak-steyr.at\/befair\/wp-content\/uploads\/2016\/05\/14353381-300x200.jpg 300w\" sizes=\"(max-width: 848px) 100vw, 848px\" \/><\/a> <a href=\"http:\/\/wordpress.hak-steyr.at\/befair\/wp-content\/uploads\/2016\/05\/14353391.jpg\"><img loading=\"lazy\" class=\"alignright size-full wp-image-598\" src=\"http:\/\/wordpress.hak-steyr.at\/befair\/wp-content\/uploads\/2016\/05\/14353391.jpg\" alt=\"1435339\" width=\"848\" height=\"567\" srcset=\"https:\/\/wordpress.hak-steyr.at\/befair\/wp-content\/uploads\/2016\/05\/14353391.jpg 848w, https:\/\/wordpress.hak-steyr.at\/befair\/wp-content\/uploads\/2016\/05\/14353391-300x200.jpg 300w\" sizes=\"(max-width: 848px) 100vw, 848px\" \/><\/a><\/p>\n<p>&nbsp;<\/p>\n<p>&nbsp;<\/p>\n","protected":false},"excerpt":{"rendered":"<p>Zwei unserer Befair Handels GmbH Mitarbeiter besuchten am Dienstag den 26. April die Preisverleihung in Linz. Mit viel M\u00fche und Arbeit konnte unsere \u00dcbungsfirma den begehrten Preis Qualit\u00e4tsmarke nach Steyr holen. &nbsp; &nbsp;<\/p>\n","protected":false},"author":3,"featured_media":596,"comment_status":"closed","ping_status":"closed","sticky":false,"template":"","format":"standard","meta":[],"categories":[1],"tags":[],"_links":{"self":[{"href":"https:\/\/wordpress.hak-steyr.at\/befair\/wp-json\/wp\/v2\/posts\/590"}],"collection":[{"href":"https:\/\/wordpress.hak-steyr.at\/befair\/wp-json\/wp\/v2\/posts"}],"about":[{"href":"https:\/\/wordpress.hak-steyr.at\/befair\/wp-json\/wp\/v2\/types\/post"}],"author":[{"embeddable":true,"href":"https:\/\/wordpress.hak-steyr.at\/befair\/wp-json\/wp\/v2\/users\/3"}],"replies":[{"embeddable":true,"href":"https:\/\/wordpress.hak-steyr.at\/befair\/wp-json\/wp\/v2\/comments?post=590"}],"version-history":[{"count":4,"href":"https:\/\/wordpress.hak-steyr.at\/befair\/wp-json\/wp\/v2\/posts\/590\/revisions"}],"predecessor-version":[{"id":653,"href":"https:\/\/wordpress.hak-steyr.at\/befair\/wp-json\/wp\/v2\/posts\/590\/revisions\/653"}],"wp:featuredmedia":[{"embeddable":true,"href":"https:\/\/wordpress.hak-steyr.at\/befair\/wp-json\/wp\/v2\/media\/596"}],"wp:attachment":[{"href":"https:\/\/wordpress.hak-steyr.at\/befair\/wp-json\/wp\/v2\/media?parent=590"}],"wp:term":[{"taxonomy":"category","embeddable":true,"href":"https:\/\/wordpress.hak-steyr.at\/befair\/wp-json\/wp\/v2\/categories?post=590"},{"taxonomy":"post_tag","embeddable":true,"href":"https:\/\/wordpress.hak-steyr.at\/befair\/wp-json\/wp\/v2\/tags?post=590"}],"curies":[{"name":"wp","href":"https:\/\/api.w.org\/{rel}","templated":true}]}}