{"id":10131,"date":"2024-01-23T17:00:00","date_gmt":"2024-01-23T16:00:00","guid":{"rendered":"https:\/\/wordpress.hak-steyr.at\/insight7\/?p=10131"},"modified":"2024-02-06T14:37:13","modified_gmt":"2024-02-06T13:37:13","slug":"schifahren-in-oesterreich-ist-es-bald-aus-mit-dem-alpinglueck","status":"publish","type":"post","link":"https:\/\/wordpress.hak-steyr.at\/insight7\/2024\/01\/23\/schifahren-in-oesterreich-ist-es-bald-aus-mit-dem-alpinglueck\/","title":{"rendered":"Schifahren in \u00d6sterreich \u2013 ist es bald aus mit dem Alpingl\u00fcck?"},"content":{"rendered":"\n<p>In den majest\u00e4tischen Alpen \u00d6sterreichs ist das Skifahren nicht nur eine Sportart, sondern eine kulturelle Tradition. Doch in den letzten Jahren sind die Kosten f\u00fcr diesen beliebten Wintersport kontinuierlich gestiegen, und dies hat unter den Skibegeisterten eine sp\u00fcrbare Reaktion ausgel\u00f6st.<\/p>\n\n\n\n<p>Die Preisentwicklung erstreckt sich von Liftkarten bis hin zu Unterk\u00fcnften und Verpflegung vor Ort. Viele passionierte Skifahrer, die einst die Berge als ihr Winterparadies betrachteten, sehen sich nun mit finanziellen Herausforderungen konfrontiert. Der Anstieg der Kosten hat zu Diskussionen \u00fcber die Zug\u00e4nglichkeit des Skisports gef\u00fchrt und Fragen nach der Nachhaltigkeit des Wintersporttourismus aufgeworfen.<\/p>\n\n\n\n<p>Einige Skibegeisterte haben innovative Wege gefunden, um mit den steigenden Kosten umzugehen. Gruppenrabatte, fr\u00fchzeitige Buchungen und die Suche nach preisg\u00fcnstigeren Alternativen sind einige der Strategien, die von denjenigen angewendet werden, die ihre Leidenschaft f\u00fcr das Skifahren aufrechterhalten m\u00f6chten.<\/p>\n\n\n<div class=\"wp-block-image\">\n<figure class=\"aligncenter size-large is-resized\"><a href=\"https:\/\/wordpress.hak-steyr.at\/insight7\/wp-content\/uploads\/2024\/01\/Schifahren2.jpg\"><img loading=\"lazy\" decoding=\"async\" width=\"1024\" height=\"768\" src=\"https:\/\/wordpress.hak-steyr.at\/insight7\/wp-content\/uploads\/2024\/01\/Schifahren2-1024x768.jpg\" alt=\"\" class=\"wp-image-10133\" style=\"width:482px;height:auto\" srcset=\"https:\/\/wordpress.hak-steyr.at\/insight7\/wp-content\/uploads\/2024\/01\/Schifahren2-1024x768.jpg 1024w, https:\/\/wordpress.hak-steyr.at\/insight7\/wp-content\/uploads\/2024\/01\/Schifahren2-300x225.jpg 300w, https:\/\/wordpress.hak-steyr.at\/insight7\/wp-content\/uploads\/2024\/01\/Schifahren2-768x576.jpg 768w, https:\/\/wordpress.hak-steyr.at\/insight7\/wp-content\/uploads\/2024\/01\/Schifahren2-1536x1152.jpg 1536w, https:\/\/wordpress.hak-steyr.at\/insight7\/wp-content\/uploads\/2024\/01\/Schifahren2-80x60.jpg 80w, https:\/\/wordpress.hak-steyr.at\/insight7\/wp-content\/uploads\/2024\/01\/Schifahren2.jpg 2048w\" sizes=\"auto, (max-width: 1024px) 100vw, 1024px\" \/><\/a><\/figure><\/div>\n\n\n<p>Dennoch gibt es auch Bedenken hinsichtlich der Auswirkungen auf die Vielfalt der Skigemeinschaft. Einige f\u00fcrchten, dass der Sport zunehmend zu einem Privileg f\u00fcr Wohlhabende wird, w\u00e4hrend andere optimistisch sind, dass die Branche L\u00f6sungen finden wird, um den Sport f\u00fcr alle zug\u00e4nglich zu halten.<\/p>\n\n\n\n<p>Inmitten dieser Entwicklungen bleibt die Liebe zum Skifahren stark, und Skibegeisterte setzen ihre Bem\u00fchungen fort, die Herausforderungen zu meistern und die Freude an alpinen Wintererlebnissen zu bewahren.<\/p>\n<div class=\"pvc_clear\"><\/div><p id=\"pvc_stats_10131\" class=\"pvc_stats total_only  \" data-element-id=\"10131\" style=\"\"><i class=\"pvc-stats-icon medium\" aria-hidden=\"true\"><svg aria-hidden=\"true\" focusable=\"false\" data-prefix=\"far\" data-icon=\"chart-bar\" role=\"img\" xmlns=\"http:\/\/www.w3.org\/2000\/svg\" viewBox=\"0 0 512 512\" class=\"svg-inline--fa fa-chart-bar fa-w-16 fa-2x\"><path fill=\"currentColor\" d=\"M396.8 352h22.4c6.4 0 12.8-6.4 12.8-12.8V108.8c0-6.4-6.4-12.8-12.8-12.8h-22.4c-6.4 0-12.8 6.4-12.8 12.8v230.4c0 6.4 6.4 12.8 12.8 12.8zm-192 0h22.4c6.4 0 12.8-6.4 12.8-12.8V140.8c0-6.4-6.4-12.8-12.8-12.8h-22.4c-6.4 0-12.8 6.4-12.8 12.8v198.4c0 6.4 6.4 12.8 12.8 12.8zm96 0h22.4c6.4 0 12.8-6.4 12.8-12.8V204.8c0-6.4-6.4-12.8-12.8-12.8h-22.4c-6.4 0-12.8 6.4-12.8 12.8v134.4c0 6.4 6.4 12.8 12.8 12.8zM496 400H48V80c0-8.84-7.16-16-16-16H16C7.16 64 0 71.16 0 80v336c0 17.67 14.33 32 32 32h464c8.84 0 16-7.16 16-16v-16c0-8.84-7.16-16-16-16zm-387.2-48h22.4c6.4 0 12.8-6.4 12.8-12.8v-70.4c0-6.4-6.4-12.8-12.8-12.8h-22.4c-6.4 0-12.8 6.4-12.8 12.8v70.4c0 6.4 6.4 12.8 12.8 12.8z\" class=\"\"><\/path><\/svg><\/i> <img loading=\"lazy\" decoding=\"async\" width=\"16\" height=\"16\" alt=\"Loading\" src=\"https:\/\/wordpress.hak-steyr.at\/insight7\/wp-content\/plugins\/page-views-count\/ajax-loader-2x.gif\" border=0 \/><\/p><div class=\"pvc_clear\"><\/div>","protected":false},"excerpt":{"rendered":"<p>In den majest\u00e4tischen Alpen \u00d6sterreichs ist das Skifahren nicht nur eine Sportart, sondern eine kulturelle Tradition. Doch in den letzten Jahren sind die Kosten f\u00fcr diesen beliebten Wintersport kontinuierlich gestiegen, und dies hat unter den Skibegeisterten eine sp\u00fcrbare Reaktion ausgel\u00f6st. Die Preisentwicklung erstreckt sich von Liftkarten bis hin zu Unterk\u00fcnften und Verpflegung vor Ort. Viele [&hellip;]<\/p>\n","protected":false},"author":30,"featured_media":10132,"comment_status":"closed","ping_status":"closed","sticky":false,"template":"","format":"standard","meta":{"footnotes":""},"categories":[20],"tags":[],"class_list":["post-10131","post","type-post","status-publish","format-standard","has-post-thumbnail","hentry","category-leisure"],"yoast_head":"<!-- This site is optimized with the Yoast SEO plugin v26.1.1 - https:\/\/yoast.com\/wordpress\/plugins\/seo\/ -->\n<title>Schifahren in \u00d6sterreich \u2013 ist es bald aus mit dem Alpingl\u00fcck? - insight7<\/title>\n<meta name=\"robots\" content=\"index, follow, max-snippet:-1, max-image-preview:large, max-video-preview:-1\" \/>\n<link rel=\"canonical\" href=\"https:\/\/wordpress.hak-steyr.at\/insight7\/2024\/01\/23\/schifahren-in-oesterreich-ist-es-bald-aus-mit-dem-alpinglueck\/\" \/>\n<meta property=\"og:locale\" content=\"de_DE\" \/>\n<meta property=\"og:type\" content=\"article\" \/>\n<meta property=\"og:title\" content=\"Schifahren in \u00d6sterreich \u2013 ist es bald aus mit dem Alpingl\u00fcck? - insight7\" \/>\n<meta property=\"og:description\" content=\"In den majest\u00e4tischen Alpen \u00d6sterreichs ist das Skifahren nicht nur eine Sportart, sondern eine kulturelle Tradition. Doch in den letzten Jahren sind die Kosten f\u00fcr diesen beliebten Wintersport kontinuierlich gestiegen, und dies hat unter den Skibegeisterten eine sp\u00fcrbare Reaktion ausgel\u00f6st. Die Preisentwicklung erstreckt sich von Liftkarten bis hin zu Unterk\u00fcnften und Verpflegung vor Ort. Viele [&hellip;]\" \/>\n<meta property=\"og:url\" content=\"https:\/\/wordpress.hak-steyr.at\/insight7\/2024\/01\/23\/schifahren-in-oesterreich-ist-es-bald-aus-mit-dem-alpinglueck\/\" \/>\n<meta property=\"og:site_name\" content=\"insight7\" \/>\n<meta property=\"article:published_time\" content=\"2024-01-23T16:00:00+00:00\" \/>\n<meta property=\"article:modified_time\" content=\"2024-02-06T13:37:13+00:00\" \/>\n<meta property=\"og:image\" content=\"https:\/\/wordpress.hak-steyr.at\/insight7\/wp-content\/uploads\/2024\/01\/Schifahren1.jpg\" \/>\n\t<meta property=\"og:image:width\" content=\"900\" \/>\n\t<meta property=\"og:image:height\" content=\"1600\" \/>\n\t<meta property=\"og:image:type\" content=\"image\/jpeg\" \/>\n<meta name=\"author\" content=\"Redakteur.in Insight7\" \/>\n<meta name=\"twitter:card\" content=\"summary_large_image\" \/>\n<meta name=\"twitter:label1\" content=\"Verfasst von\" \/>\n\t<meta name=\"twitter:data1\" content=\"Redakteur.in Insight7\" \/>\n\t<meta name=\"twitter:label2\" content=\"Gesch\u00e4tzte Lesezeit\" \/>\n\t<meta name=\"twitter:data2\" content=\"1\u00a0Minute\" \/>\n<script type=\"application\/ld+json\" class=\"yoast-schema-graph\">{\"@context\":\"https:\/\/schema.org\",\"@graph\":[{\"@type\":\"Article\",\"@id\":\"https:\/\/wordpress.hak-steyr.at\/insight7\/2024\/01\/23\/schifahren-in-oesterreich-ist-es-bald-aus-mit-dem-alpinglueck\/#article\",\"isPartOf\":{\"@id\":\"https:\/\/wordpress.hak-steyr.at\/insight7\/2024\/01\/23\/schifahren-in-oesterreich-ist-es-bald-aus-mit-dem-alpinglueck\/\"},\"author\":{\"name\":\"Redakteur.in Insight7\",\"@id\":\"https:\/\/wordpress.hak-steyr.at\/insight7\/#\/schema\/person\/0a70a0a982d4f8b4a84fea55af6f09df\"},\"headline\":\"Schifahren in \u00d6sterreich \u2013 ist es bald aus mit dem Alpingl\u00fcck?\",\"datePublished\":\"2024-01-23T16:00:00+00:00\",\"dateModified\":\"2024-02-06T13:37:13+00:00\",\"mainEntityOfPage\":{\"@id\":\"https:\/\/wordpress.hak-steyr.at\/insight7\/2024\/01\/23\/schifahren-in-oesterreich-ist-es-bald-aus-mit-dem-alpinglueck\/\"},\"wordCount\":230,\"publisher\":{\"@id\":\"https:\/\/wordpress.hak-steyr.at\/insight7\/#organization\"},\"image\":{\"@id\":\"https:\/\/wordpress.hak-steyr.at\/insight7\/2024\/01\/23\/schifahren-in-oesterreich-ist-es-bald-aus-mit-dem-alpinglueck\/#primaryimage\"},\"thumbnailUrl\":\"https:\/\/wordpress.hak-steyr.at\/insight7\/wp-content\/uploads\/2024\/01\/Schifahren1.jpg\",\"articleSection\":[\"Leisure\"],\"inLanguage\":\"de\"},{\"@type\":\"WebPage\",\"@id\":\"https:\/\/wordpress.hak-steyr.at\/insight7\/2024\/01\/23\/schifahren-in-oesterreich-ist-es-bald-aus-mit-dem-alpinglueck\/\",\"url\":\"https:\/\/wordpress.hak-steyr.at\/insight7\/2024\/01\/23\/schifahren-in-oesterreich-ist-es-bald-aus-mit-dem-alpinglueck\/\",\"name\":\"Schifahren in \u00d6sterreich \u2013 ist es bald aus mit dem Alpingl\u00fcck? - insight7\",\"isPartOf\":{\"@id\":\"https:\/\/wordpress.hak-steyr.at\/insight7\/#website\"},\"primaryImageOfPage\":{\"@id\":\"https:\/\/wordpress.hak-steyr.at\/insight7\/2024\/01\/23\/schifahren-in-oesterreich-ist-es-bald-aus-mit-dem-alpinglueck\/#primaryimage\"},\"image\":{\"@id\":\"https:\/\/wordpress.hak-steyr.at\/insight7\/2024\/01\/23\/schifahren-in-oesterreich-ist-es-bald-aus-mit-dem-alpinglueck\/#primaryimage\"},\"thumbnailUrl\":\"https:\/\/wordpress.hak-steyr.at\/insight7\/wp-content\/uploads\/2024\/01\/Schifahren1.jpg\",\"datePublished\":\"2024-01-23T16:00:00+00:00\",\"dateModified\":\"2024-02-06T13:37:13+00:00\",\"breadcrumb\":{\"@id\":\"https:\/\/wordpress.hak-steyr.at\/insight7\/2024\/01\/23\/schifahren-in-oesterreich-ist-es-bald-aus-mit-dem-alpinglueck\/#breadcrumb\"},\"inLanguage\":\"de\",\"potentialAction\":[{\"@type\":\"ReadAction\",\"target\":[\"https:\/\/wordpress.hak-steyr.at\/insight7\/2024\/01\/23\/schifahren-in-oesterreich-ist-es-bald-aus-mit-dem-alpinglueck\/\"]}]},{\"@type\":\"ImageObject\",\"inLanguage\":\"de\",\"@id\":\"https:\/\/wordpress.hak-steyr.at\/insight7\/2024\/01\/23\/schifahren-in-oesterreich-ist-es-bald-aus-mit-dem-alpinglueck\/#primaryimage\",\"url\":\"https:\/\/wordpress.hak-steyr.at\/insight7\/wp-content\/uploads\/2024\/01\/Schifahren1.jpg\",\"contentUrl\":\"https:\/\/wordpress.hak-steyr.at\/insight7\/wp-content\/uploads\/2024\/01\/Schifahren1.jpg\",\"width\":900,\"height\":1600},{\"@type\":\"BreadcrumbList\",\"@id\":\"https:\/\/wordpress.hak-steyr.at\/insight7\/2024\/01\/23\/schifahren-in-oesterreich-ist-es-bald-aus-mit-dem-alpinglueck\/#breadcrumb\",\"itemListElement\":[{\"@type\":\"ListItem\",\"position\":1,\"name\":\"Startseite\",\"item\":\"https:\/\/wordpress.hak-steyr.at\/insight7\/\"},{\"@type\":\"ListItem\",\"position\":2,\"name\":\"Schifahren in \u00d6sterreich \u2013 ist es bald aus mit dem Alpingl\u00fcck?\"}]},{\"@type\":\"WebSite\",\"@id\":\"https:\/\/wordpress.hak-steyr.at\/insight7\/#website\",\"url\":\"https:\/\/wordpress.hak-steyr.at\/insight7\/\",\"name\":\"insight7\",\"description\":\"Onlinesch\u00fclerzeitung der BHAK\/BHAS Steyr\",\"publisher\":{\"@id\":\"https:\/\/wordpress.hak-steyr.at\/insight7\/#organization\"},\"potentialAction\":[{\"@type\":\"SearchAction\",\"target\":{\"@type\":\"EntryPoint\",\"urlTemplate\":\"https:\/\/wordpress.hak-steyr.at\/insight7\/?s={search_term_string}\"},\"query-input\":{\"@type\":\"PropertyValueSpecification\",\"valueRequired\":true,\"valueName\":\"search_term_string\"}}],\"inLanguage\":\"de\"},{\"@type\":\"Organization\",\"@id\":\"https:\/\/wordpress.hak-steyr.at\/insight7\/#organization\",\"name\":\"Sch\u00fclerzeitung der HAK\/HAS Steyr\",\"url\":\"https:\/\/wordpress.hak-steyr.at\/insight7\/\",\"logo\":{\"@type\":\"ImageObject\",\"inLanguage\":\"de\",\"@id\":\"https:\/\/wordpress.hak-steyr.at\/insight7\/#\/schema\/logo\/image\/\",\"url\":\"https:\/\/wordpress.hak-steyr.at\/insight7\/wp-content\/uploads\/2025\/03\/Quadrat_HAKhoodie.jpg\",\"contentUrl\":\"https:\/\/wordpress.hak-steyr.at\/insight7\/wp-content\/uploads\/2025\/03\/Quadrat_HAKhoodie.jpg\",\"width\":1181,\"height\":1181,\"caption\":\"Sch\u00fclerzeitung der HAK\/HAS Steyr\"},\"image\":{\"@id\":\"https:\/\/wordpress.hak-steyr.at\/insight7\/#\/schema\/logo\/image\/\"}},{\"@type\":\"Person\",\"@id\":\"https:\/\/wordpress.hak-steyr.at\/insight7\/#\/schema\/person\/0a70a0a982d4f8b4a84fea55af6f09df\",\"name\":\"Redakteur.in Insight7\",\"url\":\"https:\/\/wordpress.hak-steyr.at\/insight7\/author\/redakteurin-insight7\/\"}]}<\/script>\n<!-- \/ Yoast SEO plugin. -->","yoast_head_json":{"title":"Schifahren in \u00d6sterreich \u2013 ist es bald aus mit dem Alpingl\u00fcck? - insight7","robots":{"index":"index","follow":"follow","max-snippet":"max-snippet:-1","max-image-preview":"max-image-preview:large","max-video-preview":"max-video-preview:-1"},"canonical":"https:\/\/wordpress.hak-steyr.at\/insight7\/2024\/01\/23\/schifahren-in-oesterreich-ist-es-bald-aus-mit-dem-alpinglueck\/","og_locale":"de_DE","og_type":"article","og_title":"Schifahren in \u00d6sterreich \u2013 ist es bald aus mit dem Alpingl\u00fcck? - insight7","og_description":"In den majest\u00e4tischen Alpen \u00d6sterreichs ist das Skifahren nicht nur eine Sportart, sondern eine kulturelle Tradition. Doch in den letzten Jahren sind die Kosten f\u00fcr diesen beliebten Wintersport kontinuierlich gestiegen, und dies hat unter den Skibegeisterten eine sp\u00fcrbare Reaktion ausgel\u00f6st. Die Preisentwicklung erstreckt sich von Liftkarten bis hin zu Unterk\u00fcnften und Verpflegung vor Ort. Viele [&hellip;]","og_url":"https:\/\/wordpress.hak-steyr.at\/insight7\/2024\/01\/23\/schifahren-in-oesterreich-ist-es-bald-aus-mit-dem-alpinglueck\/","og_site_name":"insight7","article_published_time":"2024-01-23T16:00:00+00:00","article_modified_time":"2024-02-06T13:37:13+00:00","og_image":[{"width":900,"height":1600,"url":"https:\/\/wordpress.hak-steyr.at\/insight7\/wp-content\/uploads\/2024\/01\/Schifahren1.jpg","type":"image\/jpeg"}],"author":"Redakteur.in Insight7","twitter_card":"summary_large_image","twitter_misc":{"Verfasst von":"Redakteur.in Insight7","Gesch\u00e4tzte Lesezeit":"1\u00a0Minute"},"schema":{"@context":"https:\/\/schema.org","@graph":[{"@type":"Article","@id":"https:\/\/wordpress.hak-steyr.at\/insight7\/2024\/01\/23\/schifahren-in-oesterreich-ist-es-bald-aus-mit-dem-alpinglueck\/#article","isPartOf":{"@id":"https:\/\/wordpress.hak-steyr.at\/insight7\/2024\/01\/23\/schifahren-in-oesterreich-ist-es-bald-aus-mit-dem-alpinglueck\/"},"author":{"name":"Redakteur.in Insight7","@id":"https:\/\/wordpress.hak-steyr.at\/insight7\/#\/schema\/person\/0a70a0a982d4f8b4a84fea55af6f09df"},"headline":"Schifahren in \u00d6sterreich \u2013 ist es bald aus mit dem Alpingl\u00fcck?","datePublished":"2024-01-23T16:00:00+00:00","dateModified":"2024-02-06T13:37:13+00:00","mainEntityOfPage":{"@id":"https:\/\/wordpress.hak-steyr.at\/insight7\/2024\/01\/23\/schifahren-in-oesterreich-ist-es-bald-aus-mit-dem-alpinglueck\/"},"wordCount":230,"publisher":{"@id":"https:\/\/wordpress.hak-steyr.at\/insight7\/#organization"},"image":{"@id":"https:\/\/wordpress.hak-steyr.at\/insight7\/2024\/01\/23\/schifahren-in-oesterreich-ist-es-bald-aus-mit-dem-alpinglueck\/#primaryimage"},"thumbnailUrl":"https:\/\/wordpress.hak-steyr.at\/insight7\/wp-content\/uploads\/2024\/01\/Schifahren1.jpg","articleSection":["Leisure"],"inLanguage":"de"},{"@type":"WebPage","@id":"https:\/\/wordpress.hak-steyr.at\/insight7\/2024\/01\/23\/schifahren-in-oesterreich-ist-es-bald-aus-mit-dem-alpinglueck\/","url":"https:\/\/wordpress.hak-steyr.at\/insight7\/2024\/01\/23\/schifahren-in-oesterreich-ist-es-bald-aus-mit-dem-alpinglueck\/","name":"Schifahren in \u00d6sterreich \u2013 ist es bald aus mit dem Alpingl\u00fcck? - insight7","isPartOf":{"@id":"https:\/\/wordpress.hak-steyr.at\/insight7\/#website"},"primaryImageOfPage":{"@id":"https:\/\/wordpress.hak-steyr.at\/insight7\/2024\/01\/23\/schifahren-in-oesterreich-ist-es-bald-aus-mit-dem-alpinglueck\/#primaryimage"},"image":{"@id":"https:\/\/wordpress.hak-steyr.at\/insight7\/2024\/01\/23\/schifahren-in-oesterreich-ist-es-bald-aus-mit-dem-alpinglueck\/#primaryimage"},"thumbnailUrl":"https:\/\/wordpress.hak-steyr.at\/insight7\/wp-content\/uploads\/2024\/01\/Schifahren1.jpg","datePublished":"2024-01-23T16:00:00+00:00","dateModified":"2024-02-06T13:37:13+00:00","breadcrumb":{"@id":"https:\/\/wordpress.hak-steyr.at\/insight7\/2024\/01\/23\/schifahren-in-oesterreich-ist-es-bald-aus-mit-dem-alpinglueck\/#breadcrumb"},"inLanguage":"de","potentialAction":[{"@type":"ReadAction","target":["https:\/\/wordpress.hak-steyr.at\/insight7\/2024\/01\/23\/schifahren-in-oesterreich-ist-es-bald-aus-mit-dem-alpinglueck\/"]}]},{"@type":"ImageObject","inLanguage":"de","@id":"https:\/\/wordpress.hak-steyr.at\/insight7\/2024\/01\/23\/schifahren-in-oesterreich-ist-es-bald-aus-mit-dem-alpinglueck\/#primaryimage","url":"https:\/\/wordpress.hak-steyr.at\/insight7\/wp-content\/uploads\/2024\/01\/Schifahren1.jpg","contentUrl":"https:\/\/wordpress.hak-steyr.at\/insight7\/wp-content\/uploads\/2024\/01\/Schifahren1.jpg","width":900,"height":1600},{"@type":"BreadcrumbList","@id":"https:\/\/wordpress.hak-steyr.at\/insight7\/2024\/01\/23\/schifahren-in-oesterreich-ist-es-bald-aus-mit-dem-alpinglueck\/#breadcrumb","itemListElement":[{"@type":"ListItem","position":1,"name":"Startseite","item":"https:\/\/wordpress.hak-steyr.at\/insight7\/"},{"@type":"ListItem","position":2,"name":"Schifahren in \u00d6sterreich \u2013 ist es bald aus mit dem Alpingl\u00fcck?"}]},{"@type":"WebSite","@id":"https:\/\/wordpress.hak-steyr.at\/insight7\/#website","url":"https:\/\/wordpress.hak-steyr.at\/insight7\/","name":"insight7","description":"Onlinesch\u00fclerzeitung der BHAK\/BHAS Steyr","publisher":{"@id":"https:\/\/wordpress.hak-steyr.at\/insight7\/#organization"},"potentialAction":[{"@type":"SearchAction","target":{"@type":"EntryPoint","urlTemplate":"https:\/\/wordpress.hak-steyr.at\/insight7\/?s={search_term_string}"},"query-input":{"@type":"PropertyValueSpecification","valueRequired":true,"valueName":"search_term_string"}}],"inLanguage":"de"},{"@type":"Organization","@id":"https:\/\/wordpress.hak-steyr.at\/insight7\/#organization","name":"Sch\u00fclerzeitung der HAK\/HAS Steyr","url":"https:\/\/wordpress.hak-steyr.at\/insight7\/","logo":{"@type":"ImageObject","inLanguage":"de","@id":"https:\/\/wordpress.hak-steyr.at\/insight7\/#\/schema\/logo\/image\/","url":"https:\/\/wordpress.hak-steyr.at\/insight7\/wp-content\/uploads\/2025\/03\/Quadrat_HAKhoodie.jpg","contentUrl":"https:\/\/wordpress.hak-steyr.at\/insight7\/wp-content\/uploads\/2025\/03\/Quadrat_HAKhoodie.jpg","width":1181,"height":1181,"caption":"Sch\u00fclerzeitung der HAK\/HAS Steyr"},"image":{"@id":"https:\/\/wordpress.hak-steyr.at\/insight7\/#\/schema\/logo\/image\/"}},{"@type":"Person","@id":"https:\/\/wordpress.hak-steyr.at\/insight7\/#\/schema\/person\/0a70a0a982d4f8b4a84fea55af6f09df","name":"Redakteur.in Insight7","url":"https:\/\/wordpress.hak-steyr.at\/insight7\/author\/redakteurin-insight7\/"}]}},"_links":{"self":[{"href":"https:\/\/wordpress.hak-steyr.at\/insight7\/wp-json\/wp\/v2\/posts\/10131","targetHints":{"allow":["GET"]}}],"collection":[{"href":"https:\/\/wordpress.hak-steyr.at\/insight7\/wp-json\/wp\/v2\/posts"}],"about":[{"href":"https:\/\/wordpress.hak-steyr.at\/insight7\/wp-json\/wp\/v2\/types\/post"}],"author":[{"embeddable":true,"href":"https:\/\/wordpress.hak-steyr.at\/insight7\/wp-json\/wp\/v2\/users\/30"}],"replies":[{"embeddable":true,"href":"https:\/\/wordpress.hak-steyr.at\/insight7\/wp-json\/wp\/v2\/comments?post=10131"}],"version-history":[{"count":2,"href":"https:\/\/wordpress.hak-steyr.at\/insight7\/wp-json\/wp\/v2\/posts\/10131\/revisions"}],"predecessor-version":[{"id":10137,"href":"https:\/\/wordpress.hak-steyr.at\/insight7\/wp-json\/wp\/v2\/posts\/10131\/revisions\/10137"}],"wp:featuredmedia":[{"embeddable":true,"href":"https:\/\/wordpress.hak-steyr.at\/insight7\/wp-json\/wp\/v2\/media\/10132"}],"wp:attachment":[{"href":"https:\/\/wordpress.hak-steyr.at\/insight7\/wp-json\/wp\/v2\/media?parent=10131"}],"wp:term":[{"taxonomy":"category","embeddable":true,"href":"https:\/\/wordpress.hak-steyr.at\/insight7\/wp-json\/wp\/v2\/categories?post=10131"},{"taxonomy":"post_tag","embeddable":true,"href":"https:\/\/wordpress.hak-steyr.at\/insight7\/wp-json\/wp\/v2\/tags?post=10131"}],"curies":[{"name":"wp","href":"https:\/\/api.w.org\/{rel}","templated":true}]}}