{"id":10610,"date":"2024-10-15T15:41:50","date_gmt":"2024-10-15T13:41:50","guid":{"rendered":"https:\/\/wordpress.hak-steyr.at\/insight7\/?p=10610"},"modified":"2025-01-07T15:19:55","modified_gmt":"2025-01-07T14:19:55","slug":"interview-mit-schulsprecher","status":"publish","type":"post","link":"https:\/\/wordpress.hak-steyr.at\/insight7\/2024\/10\/15\/interview-mit-schulsprecher\/","title":{"rendered":"Interview mit Schulsprecher"},"content":{"rendered":"\n<p>Am 04.10.2024 wurde der Schulsprecher des Schuljahren 2024\/2025 bekannt gegeben. Im Stichwahl gewann Mustafa Dudakovic gegen Lorenz Oberforster 240 Stimmen. Lorenz wurde mit 225 Stimmen         <br>1. Stellvertreter.      <\/p>\n\n\n\n<p><strong>Warum hast du dich dazu entschlossen, dieses Amt zu \u00fcbernehmen?<\/strong><\/p>\n\n\n\n<p>Seit der ersten Klasse beobachte ich, welch tolle Arbeit die bisherigen Sch\u00fclersprecher und Sch\u00fclersprecherinnen geleistet haben, diese gute Arbeit m\u00f6chte ich fortsetzen.<\/p>\n\n\n\n<p><strong>Wie m\u00f6chtest du die Zusammenarbeit zwischen Sch\u00fclern, Lehrern und der Direktion verbessern? &nbsp;Wie w\u00fcrdest du die Interessen der Sch\u00fclerschaft gegen\u00fcber der Schulleitung vertreten?<\/strong><\/p>\n\n\n\n<p>Ich sehe mich in einer Vermittlerrolle, quasi als Br\u00fccke zwischen Sch\u00fclerInnen und LehrerInnen.<\/p>\n\n\n\n<p>Au\u00dferdem w\u00fcrde ich gerne ein Feedback-System einf\u00fchren, \u00fcber das Sch\u00fclerInnen anonym ihre Meinung \u00e4u\u00dfern k\u00f6nnen.<\/p>\n\n\n\n<p><strong>Welche aktuellen Herausforderungen siehst du an unserer Schule, und wie m\u00f6chtest du ihnen begegnen?<\/strong><\/p>\n\n\n\n<p>Mobbing und Ausgrenzung bleiben ein wichtiges Thema, dass wir als Schulgemeinschaft unbedingt angehen m\u00fcssen.<\/p>\n\n\n\n<p><strong>Wie k\u00f6nnen Sch\u00fclerinnen und Sch\u00fcler, die Anliegen oder Vorschl\u00e4ge haben, mit dir in Kontakt treten?<\/strong><\/p>\n\n\n\n<p>\u00dcber MS Teams oder durch ein Forms-Dokument, dass ich in naher Zukunft herumschicken werde, in dem alle ihre Anliegen teilen k\u00f6nnen.<\/p>\n\n\n\n<p><strong>Welche Themen liegen dir besonders am Herzen?<\/strong><\/p>\n\n\n\n<p>Zusammenhalt unabh\u00e4ngig von Kultur, Herkunft und Religion.<\/p>\n\n\n\n<p><strong>Wie planst du, deine Ideen in die Tat umzusetzen?<\/strong><\/p>\n\n\n\n<p>Mit Hilfe der gesamten Sch\u00fcler- und Lehrergemeinschaft.<\/p>\n\n\n\n<p><strong>Welche Erfahrungen oder F\u00e4higkeiten machen dich f\u00fcr diese Rolle geeignet?<\/strong><\/p>\n\n\n\n<p>Um ehrlich zu sein, war ich schon einmal Sch\u00fclersprecher an meiner alten Schule und habe dort gesehen, welche Verantwortung dieses Amt mit sich bringt.<\/p>\n\n\n\n<p><strong>Wie m\u00f6chtest du daf\u00fcr sorgen, dass sich alle Sch\u00fcler in der Schule wohlf\u00fchlen?<\/strong><\/p>\n\n\n\n<p>Ich m\u00f6chte ein inklusives Umfeld schaffen, in dem alle willkommen und akzeptiert werden.<\/p>\n\n\n\n<p><strong>Wie willst du besonders auf die Interessen der Sch\u00fclerinnen an dieser Schule eingehen, da derzeit keine weibliche Person in der Sch\u00fclervertretung vertreten ist?<\/strong><\/p>\n\n\n\n<p class=\"has-white-background-color has-background\">Ich habe ein offenes Ohr f\u00fcr jeden, egal ob m\u00e4nnlich oder weiblich.<\/p>\n\n\n\n<p><\/p>\n<div class=\"pvc_clear\"><\/div><p id=\"pvc_stats_10610\" class=\"pvc_stats total_only  \" data-element-id=\"10610\" style=\"\"><i class=\"pvc-stats-icon medium\" aria-hidden=\"true\"><svg aria-hidden=\"true\" focusable=\"false\" data-prefix=\"far\" data-icon=\"chart-bar\" role=\"img\" xmlns=\"http:\/\/www.w3.org\/2000\/svg\" viewBox=\"0 0 512 512\" class=\"svg-inline--fa fa-chart-bar fa-w-16 fa-2x\"><path fill=\"currentColor\" d=\"M396.8 352h22.4c6.4 0 12.8-6.4 12.8-12.8V108.8c0-6.4-6.4-12.8-12.8-12.8h-22.4c-6.4 0-12.8 6.4-12.8 12.8v230.4c0 6.4 6.4 12.8 12.8 12.8zm-192 0h22.4c6.4 0 12.8-6.4 12.8-12.8V140.8c0-6.4-6.4-12.8-12.8-12.8h-22.4c-6.4 0-12.8 6.4-12.8 12.8v198.4c0 6.4 6.4 12.8 12.8 12.8zm96 0h22.4c6.4 0 12.8-6.4 12.8-12.8V204.8c0-6.4-6.4-12.8-12.8-12.8h-22.4c-6.4 0-12.8 6.4-12.8 12.8v134.4c0 6.4 6.4 12.8 12.8 12.8zM496 400H48V80c0-8.84-7.16-16-16-16H16C7.16 64 0 71.16 0 80v336c0 17.67 14.33 32 32 32h464c8.84 0 16-7.16 16-16v-16c0-8.84-7.16-16-16-16zm-387.2-48h22.4c6.4 0 12.8-6.4 12.8-12.8v-70.4c0-6.4-6.4-12.8-12.8-12.8h-22.4c-6.4 0-12.8 6.4-12.8 12.8v70.4c0 6.4 6.4 12.8 12.8 12.8z\" class=\"\"><\/path><\/svg><\/i> <img loading=\"lazy\" decoding=\"async\" width=\"16\" height=\"16\" alt=\"Loading\" src=\"https:\/\/wordpress.hak-steyr.at\/insight7\/wp-content\/plugins\/page-views-count\/ajax-loader-2x.gif\" border=0 \/><\/p><div class=\"pvc_clear\"><\/div>","protected":false},"excerpt":{"rendered":"<p>Am 04.10.2024 wurde der Schulsprecher des Schuljahren 2024\/2025 bekannt gegeben. Im Stichwahl gewann Mustafa Dudakovic gegen Lorenz Oberforster 240 Stimmen. Lorenz wurde mit 225 Stimmen 1. Stellvertreter. Warum hast du dich dazu entschlossen, dieses Amt zu \u00fcbernehmen? Seit der ersten Klasse beobachte ich, welch tolle Arbeit die bisherigen Sch\u00fclersprecher und Sch\u00fclersprecherinnen geleistet haben, diese gute [&hellip;]<\/p>\n","protected":false},"author":95,"featured_media":10614,"comment_status":"closed","ping_status":"closed","sticky":false,"template":"","format":"standard","meta":{"footnotes":""},"categories":[148,24,153],"tags":[],"class_list":["post-10610","post","type-post","status-publish","format-standard","has-post-thumbnail","hentry","category-campus","category-personal","category-students"],"yoast_head":"<!-- This site is optimized with the Yoast SEO plugin v26.1.1 - https:\/\/yoast.com\/wordpress\/plugins\/seo\/ -->\n<title>Interview mit Schulsprecher - insight7<\/title>\n<meta name=\"robots\" content=\"index, follow, max-snippet:-1, max-image-preview:large, max-video-preview:-1\" \/>\n<link rel=\"canonical\" href=\"https:\/\/wordpress.hak-steyr.at\/insight7\/2024\/10\/15\/interview-mit-schulsprecher\/\" \/>\n<meta property=\"og:locale\" content=\"de_DE\" \/>\n<meta property=\"og:type\" content=\"article\" \/>\n<meta property=\"og:title\" content=\"Interview mit Schulsprecher - insight7\" \/>\n<meta property=\"og:description\" content=\"Am 04.10.2024 wurde der Schulsprecher des Schuljahren 2024\/2025 bekannt gegeben. Im Stichwahl gewann Mustafa Dudakovic gegen Lorenz Oberforster 240 Stimmen. Lorenz wurde mit 225 Stimmen 1. Stellvertreter. Warum hast du dich dazu entschlossen, dieses Amt zu \u00fcbernehmen? Seit der ersten Klasse beobachte ich, welch tolle Arbeit die bisherigen Sch\u00fclersprecher und Sch\u00fclersprecherinnen geleistet haben, diese gute [&hellip;]\" \/>\n<meta property=\"og:url\" content=\"https:\/\/wordpress.hak-steyr.at\/insight7\/2024\/10\/15\/interview-mit-schulsprecher\/\" \/>\n<meta property=\"og:site_name\" content=\"insight7\" \/>\n<meta property=\"article:published_time\" content=\"2024-10-15T13:41:50+00:00\" \/>\n<meta property=\"article:modified_time\" content=\"2025-01-07T14:19:55+00:00\" \/>\n<meta property=\"og:image\" content=\"https:\/\/wordpress.hak-steyr.at\/insight7\/wp-content\/uploads\/2024\/10\/WhatsApp-Bild-2024-10-15-um-15.33.26_c8291e06.jpg\" \/>\n\t<meta property=\"og:image:width\" content=\"828\" \/>\n\t<meta property=\"og:image:height\" content=\"589\" \/>\n\t<meta property=\"og:image:type\" content=\"image\/jpeg\" \/>\n<meta name=\"author\" content=\"Chefredakteurin\" \/>\n<meta name=\"twitter:card\" content=\"summary_large_image\" \/>\n<meta name=\"twitter:label1\" content=\"Verfasst von\" \/>\n\t<meta name=\"twitter:data1\" content=\"Chefredakteurin\" \/>\n\t<meta name=\"twitter:label2\" content=\"Gesch\u00e4tzte Lesezeit\" \/>\n\t<meta name=\"twitter:data2\" content=\"2\u00a0Minuten\" \/>\n<script type=\"application\/ld+json\" class=\"yoast-schema-graph\">{\"@context\":\"https:\/\/schema.org\",\"@graph\":[{\"@type\":\"Article\",\"@id\":\"https:\/\/wordpress.hak-steyr.at\/insight7\/2024\/10\/15\/interview-mit-schulsprecher\/#article\",\"isPartOf\":{\"@id\":\"https:\/\/wordpress.hak-steyr.at\/insight7\/2024\/10\/15\/interview-mit-schulsprecher\/\"},\"author\":{\"name\":\"Chefredakteurin\",\"@id\":\"https:\/\/wordpress.hak-steyr.at\/insight7\/#\/schema\/person\/59f391afa239e0e6a5f1ccb1ad7f17d0\"},\"headline\":\"Interview mit Schulsprecher\",\"datePublished\":\"2024-10-15T13:41:50+00:00\",\"dateModified\":\"2025-01-07T14:19:55+00:00\",\"mainEntityOfPage\":{\"@id\":\"https:\/\/wordpress.hak-steyr.at\/insight7\/2024\/10\/15\/interview-mit-schulsprecher\/\"},\"wordCount\":335,\"publisher\":{\"@id\":\"https:\/\/wordpress.hak-steyr.at\/insight7\/#organization\"},\"image\":{\"@id\":\"https:\/\/wordpress.hak-steyr.at\/insight7\/2024\/10\/15\/interview-mit-schulsprecher\/#primaryimage\"},\"thumbnailUrl\":\"https:\/\/wordpress.hak-steyr.at\/insight7\/wp-content\/uploads\/2024\/10\/WhatsApp-Bild-2024-10-15-um-15.33.26_c8291e06.jpg\",\"articleSection\":[\"Campus Life\",\"Personalities\",\"Students\"],\"inLanguage\":\"de\"},{\"@type\":\"WebPage\",\"@id\":\"https:\/\/wordpress.hak-steyr.at\/insight7\/2024\/10\/15\/interview-mit-schulsprecher\/\",\"url\":\"https:\/\/wordpress.hak-steyr.at\/insight7\/2024\/10\/15\/interview-mit-schulsprecher\/\",\"name\":\"Interview mit Schulsprecher - insight7\",\"isPartOf\":{\"@id\":\"https:\/\/wordpress.hak-steyr.at\/insight7\/#website\"},\"primaryImageOfPage\":{\"@id\":\"https:\/\/wordpress.hak-steyr.at\/insight7\/2024\/10\/15\/interview-mit-schulsprecher\/#primaryimage\"},\"image\":{\"@id\":\"https:\/\/wordpress.hak-steyr.at\/insight7\/2024\/10\/15\/interview-mit-schulsprecher\/#primaryimage\"},\"thumbnailUrl\":\"https:\/\/wordpress.hak-steyr.at\/insight7\/wp-content\/uploads\/2024\/10\/WhatsApp-Bild-2024-10-15-um-15.33.26_c8291e06.jpg\",\"datePublished\":\"2024-10-15T13:41:50+00:00\",\"dateModified\":\"2025-01-07T14:19:55+00:00\",\"breadcrumb\":{\"@id\":\"https:\/\/wordpress.hak-steyr.at\/insight7\/2024\/10\/15\/interview-mit-schulsprecher\/#breadcrumb\"},\"inLanguage\":\"de\",\"potentialAction\":[{\"@type\":\"ReadAction\",\"target\":[\"https:\/\/wordpress.hak-steyr.at\/insight7\/2024\/10\/15\/interview-mit-schulsprecher\/\"]}]},{\"@type\":\"ImageObject\",\"inLanguage\":\"de\",\"@id\":\"https:\/\/wordpress.hak-steyr.at\/insight7\/2024\/10\/15\/interview-mit-schulsprecher\/#primaryimage\",\"url\":\"https:\/\/wordpress.hak-steyr.at\/insight7\/wp-content\/uploads\/2024\/10\/WhatsApp-Bild-2024-10-15-um-15.33.26_c8291e06.jpg\",\"contentUrl\":\"https:\/\/wordpress.hak-steyr.at\/insight7\/wp-content\/uploads\/2024\/10\/WhatsApp-Bild-2024-10-15-um-15.33.26_c8291e06.jpg\",\"width\":828,\"height\":589},{\"@type\":\"BreadcrumbList\",\"@id\":\"https:\/\/wordpress.hak-steyr.at\/insight7\/2024\/10\/15\/interview-mit-schulsprecher\/#breadcrumb\",\"itemListElement\":[{\"@type\":\"ListItem\",\"position\":1,\"name\":\"Startseite\",\"item\":\"https:\/\/wordpress.hak-steyr.at\/insight7\/\"},{\"@type\":\"ListItem\",\"position\":2,\"name\":\"Interview mit Schulsprecher\"}]},{\"@type\":\"WebSite\",\"@id\":\"https:\/\/wordpress.hak-steyr.at\/insight7\/#website\",\"url\":\"https:\/\/wordpress.hak-steyr.at\/insight7\/\",\"name\":\"insight7\",\"description\":\"Onlinesch\u00fclerzeitung der BHAK\/BHAS Steyr\",\"publisher\":{\"@id\":\"https:\/\/wordpress.hak-steyr.at\/insight7\/#organization\"},\"potentialAction\":[{\"@type\":\"SearchAction\",\"target\":{\"@type\":\"EntryPoint\",\"urlTemplate\":\"https:\/\/wordpress.hak-steyr.at\/insight7\/?s={search_term_string}\"},\"query-input\":{\"@type\":\"PropertyValueSpecification\",\"valueRequired\":true,\"valueName\":\"search_term_string\"}}],\"inLanguage\":\"de\"},{\"@type\":\"Organization\",\"@id\":\"https:\/\/wordpress.hak-steyr.at\/insight7\/#organization\",\"name\":\"Sch\u00fclerzeitung der HAK\/HAS Steyr\",\"url\":\"https:\/\/wordpress.hak-steyr.at\/insight7\/\",\"logo\":{\"@type\":\"ImageObject\",\"inLanguage\":\"de\",\"@id\":\"https:\/\/wordpress.hak-steyr.at\/insight7\/#\/schema\/logo\/image\/\",\"url\":\"https:\/\/wordpress.hak-steyr.at\/insight7\/wp-content\/uploads\/2025\/03\/Quadrat_HAKhoodie.jpg\",\"contentUrl\":\"https:\/\/wordpress.hak-steyr.at\/insight7\/wp-content\/uploads\/2025\/03\/Quadrat_HAKhoodie.jpg\",\"width\":1181,\"height\":1181,\"caption\":\"Sch\u00fclerzeitung der HAK\/HAS Steyr\"},\"image\":{\"@id\":\"https:\/\/wordpress.hak-steyr.at\/insight7\/#\/schema\/logo\/image\/\"}},{\"@type\":\"Person\",\"@id\":\"https:\/\/wordpress.hak-steyr.at\/insight7\/#\/schema\/person\/59f391afa239e0e6a5f1ccb1ad7f17d0\",\"name\":\"Chefredakteurin\",\"url\":\"https:\/\/wordpress.hak-steyr.at\/insight7\/author\/chefredaktion\/\"}]}<\/script>\n<!-- \/ Yoast SEO plugin. -->","yoast_head_json":{"title":"Interview mit Schulsprecher - insight7","robots":{"index":"index","follow":"follow","max-snippet":"max-snippet:-1","max-image-preview":"max-image-preview:large","max-video-preview":"max-video-preview:-1"},"canonical":"https:\/\/wordpress.hak-steyr.at\/insight7\/2024\/10\/15\/interview-mit-schulsprecher\/","og_locale":"de_DE","og_type":"article","og_title":"Interview mit Schulsprecher - insight7","og_description":"Am 04.10.2024 wurde der Schulsprecher des Schuljahren 2024\/2025 bekannt gegeben. Im Stichwahl gewann Mustafa Dudakovic gegen Lorenz Oberforster 240 Stimmen. Lorenz wurde mit 225 Stimmen 1. Stellvertreter. Warum hast du dich dazu entschlossen, dieses Amt zu \u00fcbernehmen? Seit der ersten Klasse beobachte ich, welch tolle Arbeit die bisherigen Sch\u00fclersprecher und Sch\u00fclersprecherinnen geleistet haben, diese gute [&hellip;]","og_url":"https:\/\/wordpress.hak-steyr.at\/insight7\/2024\/10\/15\/interview-mit-schulsprecher\/","og_site_name":"insight7","article_published_time":"2024-10-15T13:41:50+00:00","article_modified_time":"2025-01-07T14:19:55+00:00","og_image":[{"width":828,"height":589,"url":"https:\/\/wordpress.hak-steyr.at\/insight7\/wp-content\/uploads\/2024\/10\/WhatsApp-Bild-2024-10-15-um-15.33.26_c8291e06.jpg","type":"image\/jpeg"}],"author":"Chefredakteurin","twitter_card":"summary_large_image","twitter_misc":{"Verfasst von":"Chefredakteurin","Gesch\u00e4tzte Lesezeit":"2\u00a0Minuten"},"schema":{"@context":"https:\/\/schema.org","@graph":[{"@type":"Article","@id":"https:\/\/wordpress.hak-steyr.at\/insight7\/2024\/10\/15\/interview-mit-schulsprecher\/#article","isPartOf":{"@id":"https:\/\/wordpress.hak-steyr.at\/insight7\/2024\/10\/15\/interview-mit-schulsprecher\/"},"author":{"name":"Chefredakteurin","@id":"https:\/\/wordpress.hak-steyr.at\/insight7\/#\/schema\/person\/59f391afa239e0e6a5f1ccb1ad7f17d0"},"headline":"Interview mit Schulsprecher","datePublished":"2024-10-15T13:41:50+00:00","dateModified":"2025-01-07T14:19:55+00:00","mainEntityOfPage":{"@id":"https:\/\/wordpress.hak-steyr.at\/insight7\/2024\/10\/15\/interview-mit-schulsprecher\/"},"wordCount":335,"publisher":{"@id":"https:\/\/wordpress.hak-steyr.at\/insight7\/#organization"},"image":{"@id":"https:\/\/wordpress.hak-steyr.at\/insight7\/2024\/10\/15\/interview-mit-schulsprecher\/#primaryimage"},"thumbnailUrl":"https:\/\/wordpress.hak-steyr.at\/insight7\/wp-content\/uploads\/2024\/10\/WhatsApp-Bild-2024-10-15-um-15.33.26_c8291e06.jpg","articleSection":["Campus Life","Personalities","Students"],"inLanguage":"de"},{"@type":"WebPage","@id":"https:\/\/wordpress.hak-steyr.at\/insight7\/2024\/10\/15\/interview-mit-schulsprecher\/","url":"https:\/\/wordpress.hak-steyr.at\/insight7\/2024\/10\/15\/interview-mit-schulsprecher\/","name":"Interview mit Schulsprecher - insight7","isPartOf":{"@id":"https:\/\/wordpress.hak-steyr.at\/insight7\/#website"},"primaryImageOfPage":{"@id":"https:\/\/wordpress.hak-steyr.at\/insight7\/2024\/10\/15\/interview-mit-schulsprecher\/#primaryimage"},"image":{"@id":"https:\/\/wordpress.hak-steyr.at\/insight7\/2024\/10\/15\/interview-mit-schulsprecher\/#primaryimage"},"thumbnailUrl":"https:\/\/wordpress.hak-steyr.at\/insight7\/wp-content\/uploads\/2024\/10\/WhatsApp-Bild-2024-10-15-um-15.33.26_c8291e06.jpg","datePublished":"2024-10-15T13:41:50+00:00","dateModified":"2025-01-07T14:19:55+00:00","breadcrumb":{"@id":"https:\/\/wordpress.hak-steyr.at\/insight7\/2024\/10\/15\/interview-mit-schulsprecher\/#breadcrumb"},"inLanguage":"de","potentialAction":[{"@type":"ReadAction","target":["https:\/\/wordpress.hak-steyr.at\/insight7\/2024\/10\/15\/interview-mit-schulsprecher\/"]}]},{"@type":"ImageObject","inLanguage":"de","@id":"https:\/\/wordpress.hak-steyr.at\/insight7\/2024\/10\/15\/interview-mit-schulsprecher\/#primaryimage","url":"https:\/\/wordpress.hak-steyr.at\/insight7\/wp-content\/uploads\/2024\/10\/WhatsApp-Bild-2024-10-15-um-15.33.26_c8291e06.jpg","contentUrl":"https:\/\/wordpress.hak-steyr.at\/insight7\/wp-content\/uploads\/2024\/10\/WhatsApp-Bild-2024-10-15-um-15.33.26_c8291e06.jpg","width":828,"height":589},{"@type":"BreadcrumbList","@id":"https:\/\/wordpress.hak-steyr.at\/insight7\/2024\/10\/15\/interview-mit-schulsprecher\/#breadcrumb","itemListElement":[{"@type":"ListItem","position":1,"name":"Startseite","item":"https:\/\/wordpress.hak-steyr.at\/insight7\/"},{"@type":"ListItem","position":2,"name":"Interview mit Schulsprecher"}]},{"@type":"WebSite","@id":"https:\/\/wordpress.hak-steyr.at\/insight7\/#website","url":"https:\/\/wordpress.hak-steyr.at\/insight7\/","name":"insight7","description":"Onlinesch\u00fclerzeitung der BHAK\/BHAS Steyr","publisher":{"@id":"https:\/\/wordpress.hak-steyr.at\/insight7\/#organization"},"potentialAction":[{"@type":"SearchAction","target":{"@type":"EntryPoint","urlTemplate":"https:\/\/wordpress.hak-steyr.at\/insight7\/?s={search_term_string}"},"query-input":{"@type":"PropertyValueSpecification","valueRequired":true,"valueName":"search_term_string"}}],"inLanguage":"de"},{"@type":"Organization","@id":"https:\/\/wordpress.hak-steyr.at\/insight7\/#organization","name":"Sch\u00fclerzeitung der HAK\/HAS Steyr","url":"https:\/\/wordpress.hak-steyr.at\/insight7\/","logo":{"@type":"ImageObject","inLanguage":"de","@id":"https:\/\/wordpress.hak-steyr.at\/insight7\/#\/schema\/logo\/image\/","url":"https:\/\/wordpress.hak-steyr.at\/insight7\/wp-content\/uploads\/2025\/03\/Quadrat_HAKhoodie.jpg","contentUrl":"https:\/\/wordpress.hak-steyr.at\/insight7\/wp-content\/uploads\/2025\/03\/Quadrat_HAKhoodie.jpg","width":1181,"height":1181,"caption":"Sch\u00fclerzeitung der HAK\/HAS Steyr"},"image":{"@id":"https:\/\/wordpress.hak-steyr.at\/insight7\/#\/schema\/logo\/image\/"}},{"@type":"Person","@id":"https:\/\/wordpress.hak-steyr.at\/insight7\/#\/schema\/person\/59f391afa239e0e6a5f1ccb1ad7f17d0","name":"Chefredakteurin","url":"https:\/\/wordpress.hak-steyr.at\/insight7\/author\/chefredaktion\/"}]}},"_links":{"self":[{"href":"https:\/\/wordpress.hak-steyr.at\/insight7\/wp-json\/wp\/v2\/posts\/10610","targetHints":{"allow":["GET"]}}],"collection":[{"href":"https:\/\/wordpress.hak-steyr.at\/insight7\/wp-json\/wp\/v2\/posts"}],"about":[{"href":"https:\/\/wordpress.hak-steyr.at\/insight7\/wp-json\/wp\/v2\/types\/post"}],"author":[{"embeddable":true,"href":"https:\/\/wordpress.hak-steyr.at\/insight7\/wp-json\/wp\/v2\/users\/95"}],"replies":[{"embeddable":true,"href":"https:\/\/wordpress.hak-steyr.at\/insight7\/wp-json\/wp\/v2\/comments?post=10610"}],"version-history":[{"count":1,"href":"https:\/\/wordpress.hak-steyr.at\/insight7\/wp-json\/wp\/v2\/posts\/10610\/revisions"}],"predecessor-version":[{"id":10613,"href":"https:\/\/wordpress.hak-steyr.at\/insight7\/wp-json\/wp\/v2\/posts\/10610\/revisions\/10613"}],"wp:featuredmedia":[{"embeddable":true,"href":"https:\/\/wordpress.hak-steyr.at\/insight7\/wp-json\/wp\/v2\/media\/10614"}],"wp:attachment":[{"href":"https:\/\/wordpress.hak-steyr.at\/insight7\/wp-json\/wp\/v2\/media?parent=10610"}],"wp:term":[{"taxonomy":"category","embeddable":true,"href":"https:\/\/wordpress.hak-steyr.at\/insight7\/wp-json\/wp\/v2\/categories?post=10610"},{"taxonomy":"post_tag","embeddable":true,"href":"https:\/\/wordpress.hak-steyr.at\/insight7\/wp-json\/wp\/v2\/tags?post=10610"}],"curies":[{"name":"wp","href":"https:\/\/api.w.org\/{rel}","templated":true}]}}