{"id":10645,"date":"2024-11-12T15:04:36","date_gmt":"2024-11-12T14:04:36","guid":{"rendered":"https:\/\/wordpress.hak-steyr.at\/insight7\/?p=10645"},"modified":"2025-01-07T15:15:49","modified_gmt":"2025-01-07T14:15:49","slug":"yoga-mehr-als-nur-dehnen-der-weg-zu-einem-gesunden-koerper-und-geist","status":"publish","type":"post","link":"https:\/\/wordpress.hak-steyr.at\/insight7\/2024\/11\/12\/yoga-mehr-als-nur-dehnen-der-weg-zu-einem-gesunden-koerper-und-geist\/","title":{"rendered":"Yoga \u2013 Mehr als nur Dehnen: Der Weg zu einem gesunden K\u00f6rper und Geist"},"content":{"rendered":"\n<p>In einer Welt, die zunehmend von Stress und Hektik gepr\u00e4gt ist, suchen immer mehr Menschen nach Wegen, um k\u00f6rperliche und geistige Ausgeglichenheit zu finden. Yoga, eine Praxis, die ihre Wurzeln in der indischen Tradition hat, erfreut sich dabei wachsender Beliebtheit. Was vor Jahrhunderten als spirituelle Disziplin begann, hat sich heute zu einem weltweit anerkannten Mittel entwickelt, um das k\u00f6rperliche Wohlbefinden zu f\u00f6rdern und den Geist zu beruhigen.<\/p>\n\n\n\n<p><strong>Die gesundheitlichen Vorteile von Yoga<\/strong><\/p>\n\n\n\n<p>Die positiven Auswirkungen von Yoga auf die Gesundheit sind inzwischen vielfach wissenschaftlich belegt. Studien zeigen, dass regelm\u00e4\u00dfige Yoga-Praxis nicht nur die Flexibilit\u00e4t und Kraft des K\u00f6rpers verbessert, sondern auch das Immunsystem st\u00e4rkt, den Blutdruck senkt und den Stresspegel reduziert. Durch das Fokussieren auf den Atem und das bewusst langsame Ausf\u00fchren der Asanas lernen die Praktizierenden, sich zu entspannen und Achtsamkeit zu entwickeln.<\/p>\n\n\n\n<p><strong>Yoga-Positionen:<\/strong><\/p>\n\n\n\n<p><em><strong>Herabschauender Hund:<\/strong><\/em><br>Diese Umkehrhaltung bringt den K\u00f6rper in eine umgekehrte \u201eV\u201c-Form, mit den H\u00e4nden und F\u00fc\u00dfen auf dem Boden und dem Ges\u00e4\u00df nach oben.<br>Vorteil: Dehnt die Wirbels\u00e4ule, die Beine und st\u00e4rkt die Arme und Schultern.<\/p>\n\n\n\n<figure class=\"wp-block-image size-full is-resized\"><a href=\"https:\/\/wordpress.hak-steyr.at\/insight7\/wp-content\/uploads\/2024\/11\/Firefly-erstelle-ein-Bild-mit-einer-Frau-die-die-Yogaposition-herabschauender-Hund-macht-36432.jpg\"><img loading=\"lazy\" decoding=\"async\" width=\"672\" height=\"384\" src=\"https:\/\/wordpress.hak-steyr.at\/insight7\/wp-content\/uploads\/2024\/11\/Firefly-erstelle-ein-Bild-mit-einer-Frau-die-die-Yogaposition-herabschauender-Hund-macht-36432.jpg\" alt=\"\" class=\"wp-image-10646\" style=\"width:471px;height:auto\" srcset=\"https:\/\/wordpress.hak-steyr.at\/insight7\/wp-content\/uploads\/2024\/11\/Firefly-erstelle-ein-Bild-mit-einer-Frau-die-die-Yogaposition-herabschauender-Hund-macht-36432.jpg 672w, https:\/\/wordpress.hak-steyr.at\/insight7\/wp-content\/uploads\/2024\/11\/Firefly-erstelle-ein-Bild-mit-einer-Frau-die-die-Yogaposition-herabschauender-Hund-macht-36432-300x171.jpg 300w, https:\/\/wordpress.hak-steyr.at\/insight7\/wp-content\/uploads\/2024\/11\/Firefly-erstelle-ein-Bild-mit-einer-Frau-die-die-Yogaposition-herabschauender-Hund-macht-36432-400x230.jpg 400w, https:\/\/wordpress.hak-steyr.at\/insight7\/wp-content\/uploads\/2024\/11\/Firefly-erstelle-ein-Bild-mit-einer-Frau-die-die-Yogaposition-herabschauender-Hund-macht-36432-105x60.jpg 105w\" sizes=\"auto, (max-width: 672px) 100vw, 672px\" \/><\/a><\/figure>\n\n\n\n<p><strong><em>Kobra-Position:<\/em><\/strong><br>In der Kobra-Pose wird der Oberk\u00f6rper vom Boden abgehoben, w\u00e4hrend die H\u00e4nde unter den Schultern platziert sind, um den Oberk\u00f6rper zu st\u00fctzen.<br>Vorteil: Dehnt den R\u00fccken und \u00f6ffnet die Brust.<\/p>\n\n\n\n<figure class=\"wp-block-image size-full is-resized\"><a href=\"https:\/\/wordpress.hak-steyr.at\/insight7\/wp-content\/uploads\/2024\/11\/Firefly-erstelle-ein-Bild-mit-einer-Frau-die-die-Yogaposition-Kobra-46090.jpg\"><img loading=\"lazy\" decoding=\"async\" width=\"672\" height=\"384\" src=\"https:\/\/wordpress.hak-steyr.at\/insight7\/wp-content\/uploads\/2024\/11\/Firefly-erstelle-ein-Bild-mit-einer-Frau-die-die-Yogaposition-Kobra-46090.jpg\" alt=\"\" class=\"wp-image-10647\" style=\"width:467px;height:auto\" srcset=\"https:\/\/wordpress.hak-steyr.at\/insight7\/wp-content\/uploads\/2024\/11\/Firefly-erstelle-ein-Bild-mit-einer-Frau-die-die-Yogaposition-Kobra-46090.jpg 672w, https:\/\/wordpress.hak-steyr.at\/insight7\/wp-content\/uploads\/2024\/11\/Firefly-erstelle-ein-Bild-mit-einer-Frau-die-die-Yogaposition-Kobra-46090-300x171.jpg 300w, https:\/\/wordpress.hak-steyr.at\/insight7\/wp-content\/uploads\/2024\/11\/Firefly-erstelle-ein-Bild-mit-einer-Frau-die-die-Yogaposition-Kobra-46090-400x230.jpg 400w, https:\/\/wordpress.hak-steyr.at\/insight7\/wp-content\/uploads\/2024\/11\/Firefly-erstelle-ein-Bild-mit-einer-Frau-die-die-Yogaposition-Kobra-46090-105x60.jpg 105w\" sizes=\"auto, (max-width: 672px) 100vw, 672px\" \/><\/a><\/figure>\n\n\n\n<p><strong><em>Schmetterlingspose:<\/em><\/strong><br>Im Sitzen werden die Fu\u00dfsohlen zusammengebracht, w\u00e4hrend die Knie zur Seite fallen. Die H\u00e4nde fassen die F\u00fc\u00dfe oder die Kn\u00f6chel.<br>Vorteil: \u00d6ffnet die H\u00fcften und dehnt die Oberschenkelmuskulatur.<\/p>\n\n\n\n<figure class=\"wp-block-image size-full is-resized\"><a href=\"https:\/\/wordpress.hak-steyr.at\/insight7\/wp-content\/uploads\/2024\/11\/Firefly-erstelle-ein-Bild-mit-einer-Frau-die-die-Yogaposition-Schmetterlingspose-Fusssohlen-zusammen.jpg\"><img loading=\"lazy\" decoding=\"async\" width=\"672\" height=\"384\" src=\"https:\/\/wordpress.hak-steyr.at\/insight7\/wp-content\/uploads\/2024\/11\/Firefly-erstelle-ein-Bild-mit-einer-Frau-die-die-Yogaposition-Schmetterlingspose-Fusssohlen-zusammen.jpg\" alt=\"\" class=\"wp-image-10650\" style=\"width:469px;height:auto\" srcset=\"https:\/\/wordpress.hak-steyr.at\/insight7\/wp-content\/uploads\/2024\/11\/Firefly-erstelle-ein-Bild-mit-einer-Frau-die-die-Yogaposition-Schmetterlingspose-Fusssohlen-zusammen.jpg 672w, https:\/\/wordpress.hak-steyr.at\/insight7\/wp-content\/uploads\/2024\/11\/Firefly-erstelle-ein-Bild-mit-einer-Frau-die-die-Yogaposition-Schmetterlingspose-Fusssohlen-zusammen-300x171.jpg 300w, https:\/\/wordpress.hak-steyr.at\/insight7\/wp-content\/uploads\/2024\/11\/Firefly-erstelle-ein-Bild-mit-einer-Frau-die-die-Yogaposition-Schmetterlingspose-Fusssohlen-zusammen-400x230.jpg 400w, https:\/\/wordpress.hak-steyr.at\/insight7\/wp-content\/uploads\/2024\/11\/Firefly-erstelle-ein-Bild-mit-einer-Frau-die-die-Yogaposition-Schmetterlingspose-Fusssohlen-zusammen-105x60.jpg 105w\" sizes=\"auto, (max-width: 672px) 100vw, 672px\" \/><\/a><\/figure>\n\n\n\n<p><strong><em>Halber Drehsitz:<\/em><\/strong><br>Sitzen mit einem Bein \u00fcber das andere geschlagen und den Oberk\u00f6rper in die entgegengesetzte Richtung drehen.<br>Vorteil: Dehnt die Wirbels\u00e4ule, verbessert die Flexibilit\u00e4t und f\u00f6rdert die Entgiftung durch die Verdauungsorgane.<\/p>\n\n\n\n<p><strong><em>Kindhaltung:<\/em><\/strong><br>Savasana wird oft am Ende der Yoga-Praxis durchgef\u00fchrt, bei der man flach auf dem R\u00fccken liegt, Arme und Beine entspannt ausstreckt und den Atem beobachtet.<br>Vorteil: F\u00f6rdert tiefe Entspannung und Regeneration.<\/p>\n\n\n\n<figure class=\"wp-block-image size-full is-resized\"><a href=\"https:\/\/wordpress.hak-steyr.at\/insight7\/wp-content\/uploads\/2024\/11\/Firefly-erstelle-ein-Bild-mit-einer-Frau-die-die-Yogaposition-Kindhaltung-76929-2.jpg\"><img loading=\"lazy\" decoding=\"async\" width=\"672\" height=\"384\" src=\"https:\/\/wordpress.hak-steyr.at\/insight7\/wp-content\/uploads\/2024\/11\/Firefly-erstelle-ein-Bild-mit-einer-Frau-die-die-Yogaposition-Kindhaltung-76929-2.jpg\" alt=\"\" class=\"wp-image-10651\" style=\"width:490px;height:auto\" srcset=\"https:\/\/wordpress.hak-steyr.at\/insight7\/wp-content\/uploads\/2024\/11\/Firefly-erstelle-ein-Bild-mit-einer-Frau-die-die-Yogaposition-Kindhaltung-76929-2.jpg 672w, https:\/\/wordpress.hak-steyr.at\/insight7\/wp-content\/uploads\/2024\/11\/Firefly-erstelle-ein-Bild-mit-einer-Frau-die-die-Yogaposition-Kindhaltung-76929-2-300x171.jpg 300w, https:\/\/wordpress.hak-steyr.at\/insight7\/wp-content\/uploads\/2024\/11\/Firefly-erstelle-ein-Bild-mit-einer-Frau-die-die-Yogaposition-Kindhaltung-76929-2-400x230.jpg 400w, https:\/\/wordpress.hak-steyr.at\/insight7\/wp-content\/uploads\/2024\/11\/Firefly-erstelle-ein-Bild-mit-einer-Frau-die-die-Yogaposition-Kindhaltung-76929-2-105x60.jpg 105w\" sizes=\"auto, (max-width: 672px) 100vw, 672px\" \/><\/a><\/figure>\n\n\n\n<p>Yoga ist weit mehr als nur ein Fitness-Trend. Es ist eine ganzheitliche Praxis, die K\u00f6rper und Geist in Einklang bringt und den Menschen hilft, sich selbst besser zu verstehen. Wer regelm\u00e4\u00dfig Yoga praktiziert, kann nicht nur die k\u00f6rperliche Fitness steigern, sondern auch die innere Balance finden, die in der heutigen, schnelllebigen Welt so wichtig ist. Egal ob Anf\u00e4nger oder erfahrene Praktizierende \u2013 Yoga bietet f\u00fcr jeden die M\u00f6glichkeit, zu sich selbst zu finden und die Lebensqualit\u00e4t nachhaltig zu verbessern.<\/p>\n\n\n\n<p class=\"has-small-font-size\"><em>(Alle Bilder wurden mit KI generiert)<\/em><\/p>\n\n\n\n<p><\/p>\n<div class=\"pvc_clear\"><\/div><p id=\"pvc_stats_10645\" class=\"pvc_stats total_only  \" data-element-id=\"10645\" style=\"\"><i class=\"pvc-stats-icon medium\" aria-hidden=\"true\"><svg aria-hidden=\"true\" focusable=\"false\" data-prefix=\"far\" data-icon=\"chart-bar\" role=\"img\" xmlns=\"http:\/\/www.w3.org\/2000\/svg\" viewBox=\"0 0 512 512\" class=\"svg-inline--fa fa-chart-bar fa-w-16 fa-2x\"><path fill=\"currentColor\" d=\"M396.8 352h22.4c6.4 0 12.8-6.4 12.8-12.8V108.8c0-6.4-6.4-12.8-12.8-12.8h-22.4c-6.4 0-12.8 6.4-12.8 12.8v230.4c0 6.4 6.4 12.8 12.8 12.8zm-192 0h22.4c6.4 0 12.8-6.4 12.8-12.8V140.8c0-6.4-6.4-12.8-12.8-12.8h-22.4c-6.4 0-12.8 6.4-12.8 12.8v198.4c0 6.4 6.4 12.8 12.8 12.8zm96 0h22.4c6.4 0 12.8-6.4 12.8-12.8V204.8c0-6.4-6.4-12.8-12.8-12.8h-22.4c-6.4 0-12.8 6.4-12.8 12.8v134.4c0 6.4 6.4 12.8 12.8 12.8zM496 400H48V80c0-8.84-7.16-16-16-16H16C7.16 64 0 71.16 0 80v336c0 17.67 14.33 32 32 32h464c8.84 0 16-7.16 16-16v-16c0-8.84-7.16-16-16-16zm-387.2-48h22.4c6.4 0 12.8-6.4 12.8-12.8v-70.4c0-6.4-6.4-12.8-12.8-12.8h-22.4c-6.4 0-12.8 6.4-12.8 12.8v70.4c0 6.4 6.4 12.8 12.8 12.8z\" class=\"\"><\/path><\/svg><\/i> <img loading=\"lazy\" decoding=\"async\" width=\"16\" height=\"16\" alt=\"Loading\" src=\"https:\/\/wordpress.hak-steyr.at\/insight7\/wp-content\/plugins\/page-views-count\/ajax-loader-2x.gif\" border=0 \/><\/p><div class=\"pvc_clear\"><\/div>","protected":false},"excerpt":{"rendered":"<p>In einer Welt, die zunehmend von Stress und Hektik gepr\u00e4gt ist, suchen immer mehr Menschen nach Wegen, um k\u00f6rperliche und geistige Ausgeglichenheit zu finden. Yoga, eine Praxis, die ihre Wurzeln in der indischen Tradition hat, erfreut sich dabei wachsender Beliebtheit. Was vor Jahrhunderten als spirituelle Disziplin begann, hat sich heute zu einem weltweit anerkannten Mittel [&hellip;]<\/p>\n","protected":false},"author":95,"featured_media":10648,"comment_status":"closed","ping_status":"closed","sticky":false,"template":"","format":"standard","meta":{"footnotes":""},"categories":[20],"tags":[],"class_list":["post-10645","post","type-post","status-publish","format-standard","has-post-thumbnail","hentry","category-leisure"],"yoast_head":"<!-- This site is optimized with the Yoast SEO plugin v26.1.1 - https:\/\/yoast.com\/wordpress\/plugins\/seo\/ -->\n<title>Yoga \u2013 Mehr als nur Dehnen: Der Weg zu einem gesunden K\u00f6rper und Geist - insight7<\/title>\n<meta name=\"robots\" content=\"index, follow, max-snippet:-1, max-image-preview:large, max-video-preview:-1\" \/>\n<link rel=\"canonical\" href=\"https:\/\/wordpress.hak-steyr.at\/insight7\/2024\/11\/12\/yoga-mehr-als-nur-dehnen-der-weg-zu-einem-gesunden-koerper-und-geist\/\" \/>\n<meta property=\"og:locale\" content=\"de_DE\" \/>\n<meta property=\"og:type\" content=\"article\" \/>\n<meta property=\"og:title\" content=\"Yoga \u2013 Mehr als nur Dehnen: Der Weg zu einem gesunden K\u00f6rper und Geist - insight7\" \/>\n<meta property=\"og:description\" content=\"In einer Welt, die zunehmend von Stress und Hektik gepr\u00e4gt ist, suchen immer mehr Menschen nach Wegen, um k\u00f6rperliche und geistige Ausgeglichenheit zu finden. Yoga, eine Praxis, die ihre Wurzeln in der indischen Tradition hat, erfreut sich dabei wachsender Beliebtheit. Was vor Jahrhunderten als spirituelle Disziplin begann, hat sich heute zu einem weltweit anerkannten Mittel [&hellip;]\" \/>\n<meta property=\"og:url\" content=\"https:\/\/wordpress.hak-steyr.at\/insight7\/2024\/11\/12\/yoga-mehr-als-nur-dehnen-der-weg-zu-einem-gesunden-koerper-und-geist\/\" \/>\n<meta property=\"og:site_name\" content=\"insight7\" \/>\n<meta property=\"article:published_time\" content=\"2024-11-12T14:04:36+00:00\" \/>\n<meta property=\"article:modified_time\" content=\"2025-01-07T14:15:49+00:00\" \/>\n<meta property=\"og:image\" content=\"https:\/\/wordpress.hak-steyr.at\/insight7\/wp-content\/uploads\/2024\/11\/Firefly-erstelle-ein-Bild-mit-einer-Frau-die-die-Yogaposition-Kindhaltung-76929.jpg\" \/>\n\t<meta property=\"og:image:width\" content=\"672\" \/>\n\t<meta property=\"og:image:height\" content=\"384\" \/>\n\t<meta property=\"og:image:type\" content=\"image\/jpeg\" \/>\n<meta name=\"author\" content=\"Chefredakteurin\" \/>\n<meta name=\"twitter:card\" content=\"summary_large_image\" \/>\n<meta name=\"twitter:label1\" content=\"Verfasst von\" \/>\n\t<meta name=\"twitter:data1\" content=\"Chefredakteurin\" \/>\n\t<meta name=\"twitter:label2\" content=\"Gesch\u00e4tzte Lesezeit\" \/>\n\t<meta name=\"twitter:data2\" content=\"2\u00a0Minuten\" \/>\n<script type=\"application\/ld+json\" class=\"yoast-schema-graph\">{\"@context\":\"https:\/\/schema.org\",\"@graph\":[{\"@type\":\"Article\",\"@id\":\"https:\/\/wordpress.hak-steyr.at\/insight7\/2024\/11\/12\/yoga-mehr-als-nur-dehnen-der-weg-zu-einem-gesunden-koerper-und-geist\/#article\",\"isPartOf\":{\"@id\":\"https:\/\/wordpress.hak-steyr.at\/insight7\/2024\/11\/12\/yoga-mehr-als-nur-dehnen-der-weg-zu-einem-gesunden-koerper-und-geist\/\"},\"author\":{\"name\":\"Chefredakteurin\",\"@id\":\"https:\/\/wordpress.hak-steyr.at\/insight7\/#\/schema\/person\/59f391afa239e0e6a5f1ccb1ad7f17d0\"},\"headline\":\"Yoga \u2013 Mehr als nur Dehnen: Der Weg zu einem gesunden K\u00f6rper und Geist\",\"datePublished\":\"2024-11-12T14:04:36+00:00\",\"dateModified\":\"2025-01-07T14:15:49+00:00\",\"mainEntityOfPage\":{\"@id\":\"https:\/\/wordpress.hak-steyr.at\/insight7\/2024\/11\/12\/yoga-mehr-als-nur-dehnen-der-weg-zu-einem-gesunden-koerper-und-geist\/\"},\"wordCount\":434,\"publisher\":{\"@id\":\"https:\/\/wordpress.hak-steyr.at\/insight7\/#organization\"},\"image\":{\"@id\":\"https:\/\/wordpress.hak-steyr.at\/insight7\/2024\/11\/12\/yoga-mehr-als-nur-dehnen-der-weg-zu-einem-gesunden-koerper-und-geist\/#primaryimage\"},\"thumbnailUrl\":\"https:\/\/wordpress.hak-steyr.at\/insight7\/wp-content\/uploads\/2024\/11\/Firefly-erstelle-ein-Bild-mit-einer-Frau-die-die-Yogaposition-Kindhaltung-76929.jpg\",\"articleSection\":[\"Leisure\"],\"inLanguage\":\"de\"},{\"@type\":\"WebPage\",\"@id\":\"https:\/\/wordpress.hak-steyr.at\/insight7\/2024\/11\/12\/yoga-mehr-als-nur-dehnen-der-weg-zu-einem-gesunden-koerper-und-geist\/\",\"url\":\"https:\/\/wordpress.hak-steyr.at\/insight7\/2024\/11\/12\/yoga-mehr-als-nur-dehnen-der-weg-zu-einem-gesunden-koerper-und-geist\/\",\"name\":\"Yoga \u2013 Mehr als nur Dehnen: Der Weg zu einem gesunden K\u00f6rper und Geist - insight7\",\"isPartOf\":{\"@id\":\"https:\/\/wordpress.hak-steyr.at\/insight7\/#website\"},\"primaryImageOfPage\":{\"@id\":\"https:\/\/wordpress.hak-steyr.at\/insight7\/2024\/11\/12\/yoga-mehr-als-nur-dehnen-der-weg-zu-einem-gesunden-koerper-und-geist\/#primaryimage\"},\"image\":{\"@id\":\"https:\/\/wordpress.hak-steyr.at\/insight7\/2024\/11\/12\/yoga-mehr-als-nur-dehnen-der-weg-zu-einem-gesunden-koerper-und-geist\/#primaryimage\"},\"thumbnailUrl\":\"https:\/\/wordpress.hak-steyr.at\/insight7\/wp-content\/uploads\/2024\/11\/Firefly-erstelle-ein-Bild-mit-einer-Frau-die-die-Yogaposition-Kindhaltung-76929.jpg\",\"datePublished\":\"2024-11-12T14:04:36+00:00\",\"dateModified\":\"2025-01-07T14:15:49+00:00\",\"breadcrumb\":{\"@id\":\"https:\/\/wordpress.hak-steyr.at\/insight7\/2024\/11\/12\/yoga-mehr-als-nur-dehnen-der-weg-zu-einem-gesunden-koerper-und-geist\/#breadcrumb\"},\"inLanguage\":\"de\",\"potentialAction\":[{\"@type\":\"ReadAction\",\"target\":[\"https:\/\/wordpress.hak-steyr.at\/insight7\/2024\/11\/12\/yoga-mehr-als-nur-dehnen-der-weg-zu-einem-gesunden-koerper-und-geist\/\"]}]},{\"@type\":\"ImageObject\",\"inLanguage\":\"de\",\"@id\":\"https:\/\/wordpress.hak-steyr.at\/insight7\/2024\/11\/12\/yoga-mehr-als-nur-dehnen-der-weg-zu-einem-gesunden-koerper-und-geist\/#primaryimage\",\"url\":\"https:\/\/wordpress.hak-steyr.at\/insight7\/wp-content\/uploads\/2024\/11\/Firefly-erstelle-ein-Bild-mit-einer-Frau-die-die-Yogaposition-Kindhaltung-76929.jpg\",\"contentUrl\":\"https:\/\/wordpress.hak-steyr.at\/insight7\/wp-content\/uploads\/2024\/11\/Firefly-erstelle-ein-Bild-mit-einer-Frau-die-die-Yogaposition-Kindhaltung-76929.jpg\",\"width\":672,\"height\":384},{\"@type\":\"BreadcrumbList\",\"@id\":\"https:\/\/wordpress.hak-steyr.at\/insight7\/2024\/11\/12\/yoga-mehr-als-nur-dehnen-der-weg-zu-einem-gesunden-koerper-und-geist\/#breadcrumb\",\"itemListElement\":[{\"@type\":\"ListItem\",\"position\":1,\"name\":\"Startseite\",\"item\":\"https:\/\/wordpress.hak-steyr.at\/insight7\/\"},{\"@type\":\"ListItem\",\"position\":2,\"name\":\"Yoga \u2013 Mehr als nur Dehnen: Der Weg zu einem gesunden K\u00f6rper und Geist\"}]},{\"@type\":\"WebSite\",\"@id\":\"https:\/\/wordpress.hak-steyr.at\/insight7\/#website\",\"url\":\"https:\/\/wordpress.hak-steyr.at\/insight7\/\",\"name\":\"insight7\",\"description\":\"Onlinesch\u00fclerzeitung der BHAK\/BHAS Steyr\",\"publisher\":{\"@id\":\"https:\/\/wordpress.hak-steyr.at\/insight7\/#organization\"},\"potentialAction\":[{\"@type\":\"SearchAction\",\"target\":{\"@type\":\"EntryPoint\",\"urlTemplate\":\"https:\/\/wordpress.hak-steyr.at\/insight7\/?s={search_term_string}\"},\"query-input\":{\"@type\":\"PropertyValueSpecification\",\"valueRequired\":true,\"valueName\":\"search_term_string\"}}],\"inLanguage\":\"de\"},{\"@type\":\"Organization\",\"@id\":\"https:\/\/wordpress.hak-steyr.at\/insight7\/#organization\",\"name\":\"Sch\u00fclerzeitung der HAK\/HAS Steyr\",\"url\":\"https:\/\/wordpress.hak-steyr.at\/insight7\/\",\"logo\":{\"@type\":\"ImageObject\",\"inLanguage\":\"de\",\"@id\":\"https:\/\/wordpress.hak-steyr.at\/insight7\/#\/schema\/logo\/image\/\",\"url\":\"https:\/\/wordpress.hak-steyr.at\/insight7\/wp-content\/uploads\/2025\/03\/Quadrat_HAKhoodie.jpg\",\"contentUrl\":\"https:\/\/wordpress.hak-steyr.at\/insight7\/wp-content\/uploads\/2025\/03\/Quadrat_HAKhoodie.jpg\",\"width\":1181,\"height\":1181,\"caption\":\"Sch\u00fclerzeitung der HAK\/HAS Steyr\"},\"image\":{\"@id\":\"https:\/\/wordpress.hak-steyr.at\/insight7\/#\/schema\/logo\/image\/\"}},{\"@type\":\"Person\",\"@id\":\"https:\/\/wordpress.hak-steyr.at\/insight7\/#\/schema\/person\/59f391afa239e0e6a5f1ccb1ad7f17d0\",\"name\":\"Chefredakteurin\",\"url\":\"https:\/\/wordpress.hak-steyr.at\/insight7\/author\/chefredaktion\/\"}]}<\/script>\n<!-- \/ Yoast SEO plugin. -->","yoast_head_json":{"title":"Yoga \u2013 Mehr als nur Dehnen: Der Weg zu einem gesunden K\u00f6rper und Geist - insight7","robots":{"index":"index","follow":"follow","max-snippet":"max-snippet:-1","max-image-preview":"max-image-preview:large","max-video-preview":"max-video-preview:-1"},"canonical":"https:\/\/wordpress.hak-steyr.at\/insight7\/2024\/11\/12\/yoga-mehr-als-nur-dehnen-der-weg-zu-einem-gesunden-koerper-und-geist\/","og_locale":"de_DE","og_type":"article","og_title":"Yoga \u2013 Mehr als nur Dehnen: Der Weg zu einem gesunden K\u00f6rper und Geist - insight7","og_description":"In einer Welt, die zunehmend von Stress und Hektik gepr\u00e4gt ist, suchen immer mehr Menschen nach Wegen, um k\u00f6rperliche und geistige Ausgeglichenheit zu finden. Yoga, eine Praxis, die ihre Wurzeln in der indischen Tradition hat, erfreut sich dabei wachsender Beliebtheit. Was vor Jahrhunderten als spirituelle Disziplin begann, hat sich heute zu einem weltweit anerkannten Mittel [&hellip;]","og_url":"https:\/\/wordpress.hak-steyr.at\/insight7\/2024\/11\/12\/yoga-mehr-als-nur-dehnen-der-weg-zu-einem-gesunden-koerper-und-geist\/","og_site_name":"insight7","article_published_time":"2024-11-12T14:04:36+00:00","article_modified_time":"2025-01-07T14:15:49+00:00","og_image":[{"width":672,"height":384,"url":"https:\/\/wordpress.hak-steyr.at\/insight7\/wp-content\/uploads\/2024\/11\/Firefly-erstelle-ein-Bild-mit-einer-Frau-die-die-Yogaposition-Kindhaltung-76929.jpg","type":"image\/jpeg"}],"author":"Chefredakteurin","twitter_card":"summary_large_image","twitter_misc":{"Verfasst von":"Chefredakteurin","Gesch\u00e4tzte Lesezeit":"2\u00a0Minuten"},"schema":{"@context":"https:\/\/schema.org","@graph":[{"@type":"Article","@id":"https:\/\/wordpress.hak-steyr.at\/insight7\/2024\/11\/12\/yoga-mehr-als-nur-dehnen-der-weg-zu-einem-gesunden-koerper-und-geist\/#article","isPartOf":{"@id":"https:\/\/wordpress.hak-steyr.at\/insight7\/2024\/11\/12\/yoga-mehr-als-nur-dehnen-der-weg-zu-einem-gesunden-koerper-und-geist\/"},"author":{"name":"Chefredakteurin","@id":"https:\/\/wordpress.hak-steyr.at\/insight7\/#\/schema\/person\/59f391afa239e0e6a5f1ccb1ad7f17d0"},"headline":"Yoga \u2013 Mehr als nur Dehnen: Der Weg zu einem gesunden K\u00f6rper und Geist","datePublished":"2024-11-12T14:04:36+00:00","dateModified":"2025-01-07T14:15:49+00:00","mainEntityOfPage":{"@id":"https:\/\/wordpress.hak-steyr.at\/insight7\/2024\/11\/12\/yoga-mehr-als-nur-dehnen-der-weg-zu-einem-gesunden-koerper-und-geist\/"},"wordCount":434,"publisher":{"@id":"https:\/\/wordpress.hak-steyr.at\/insight7\/#organization"},"image":{"@id":"https:\/\/wordpress.hak-steyr.at\/insight7\/2024\/11\/12\/yoga-mehr-als-nur-dehnen-der-weg-zu-einem-gesunden-koerper-und-geist\/#primaryimage"},"thumbnailUrl":"https:\/\/wordpress.hak-steyr.at\/insight7\/wp-content\/uploads\/2024\/11\/Firefly-erstelle-ein-Bild-mit-einer-Frau-die-die-Yogaposition-Kindhaltung-76929.jpg","articleSection":["Leisure"],"inLanguage":"de"},{"@type":"WebPage","@id":"https:\/\/wordpress.hak-steyr.at\/insight7\/2024\/11\/12\/yoga-mehr-als-nur-dehnen-der-weg-zu-einem-gesunden-koerper-und-geist\/","url":"https:\/\/wordpress.hak-steyr.at\/insight7\/2024\/11\/12\/yoga-mehr-als-nur-dehnen-der-weg-zu-einem-gesunden-koerper-und-geist\/","name":"Yoga \u2013 Mehr als nur Dehnen: Der Weg zu einem gesunden K\u00f6rper und Geist - insight7","isPartOf":{"@id":"https:\/\/wordpress.hak-steyr.at\/insight7\/#website"},"primaryImageOfPage":{"@id":"https:\/\/wordpress.hak-steyr.at\/insight7\/2024\/11\/12\/yoga-mehr-als-nur-dehnen-der-weg-zu-einem-gesunden-koerper-und-geist\/#primaryimage"},"image":{"@id":"https:\/\/wordpress.hak-steyr.at\/insight7\/2024\/11\/12\/yoga-mehr-als-nur-dehnen-der-weg-zu-einem-gesunden-koerper-und-geist\/#primaryimage"},"thumbnailUrl":"https:\/\/wordpress.hak-steyr.at\/insight7\/wp-content\/uploads\/2024\/11\/Firefly-erstelle-ein-Bild-mit-einer-Frau-die-die-Yogaposition-Kindhaltung-76929.jpg","datePublished":"2024-11-12T14:04:36+00:00","dateModified":"2025-01-07T14:15:49+00:00","breadcrumb":{"@id":"https:\/\/wordpress.hak-steyr.at\/insight7\/2024\/11\/12\/yoga-mehr-als-nur-dehnen-der-weg-zu-einem-gesunden-koerper-und-geist\/#breadcrumb"},"inLanguage":"de","potentialAction":[{"@type":"ReadAction","target":["https:\/\/wordpress.hak-steyr.at\/insight7\/2024\/11\/12\/yoga-mehr-als-nur-dehnen-der-weg-zu-einem-gesunden-koerper-und-geist\/"]}]},{"@type":"ImageObject","inLanguage":"de","@id":"https:\/\/wordpress.hak-steyr.at\/insight7\/2024\/11\/12\/yoga-mehr-als-nur-dehnen-der-weg-zu-einem-gesunden-koerper-und-geist\/#primaryimage","url":"https:\/\/wordpress.hak-steyr.at\/insight7\/wp-content\/uploads\/2024\/11\/Firefly-erstelle-ein-Bild-mit-einer-Frau-die-die-Yogaposition-Kindhaltung-76929.jpg","contentUrl":"https:\/\/wordpress.hak-steyr.at\/insight7\/wp-content\/uploads\/2024\/11\/Firefly-erstelle-ein-Bild-mit-einer-Frau-die-die-Yogaposition-Kindhaltung-76929.jpg","width":672,"height":384},{"@type":"BreadcrumbList","@id":"https:\/\/wordpress.hak-steyr.at\/insight7\/2024\/11\/12\/yoga-mehr-als-nur-dehnen-der-weg-zu-einem-gesunden-koerper-und-geist\/#breadcrumb","itemListElement":[{"@type":"ListItem","position":1,"name":"Startseite","item":"https:\/\/wordpress.hak-steyr.at\/insight7\/"},{"@type":"ListItem","position":2,"name":"Yoga \u2013 Mehr als nur Dehnen: Der Weg zu einem gesunden K\u00f6rper und Geist"}]},{"@type":"WebSite","@id":"https:\/\/wordpress.hak-steyr.at\/insight7\/#website","url":"https:\/\/wordpress.hak-steyr.at\/insight7\/","name":"insight7","description":"Onlinesch\u00fclerzeitung der BHAK\/BHAS Steyr","publisher":{"@id":"https:\/\/wordpress.hak-steyr.at\/insight7\/#organization"},"potentialAction":[{"@type":"SearchAction","target":{"@type":"EntryPoint","urlTemplate":"https:\/\/wordpress.hak-steyr.at\/insight7\/?s={search_term_string}"},"query-input":{"@type":"PropertyValueSpecification","valueRequired":true,"valueName":"search_term_string"}}],"inLanguage":"de"},{"@type":"Organization","@id":"https:\/\/wordpress.hak-steyr.at\/insight7\/#organization","name":"Sch\u00fclerzeitung der HAK\/HAS Steyr","url":"https:\/\/wordpress.hak-steyr.at\/insight7\/","logo":{"@type":"ImageObject","inLanguage":"de","@id":"https:\/\/wordpress.hak-steyr.at\/insight7\/#\/schema\/logo\/image\/","url":"https:\/\/wordpress.hak-steyr.at\/insight7\/wp-content\/uploads\/2025\/03\/Quadrat_HAKhoodie.jpg","contentUrl":"https:\/\/wordpress.hak-steyr.at\/insight7\/wp-content\/uploads\/2025\/03\/Quadrat_HAKhoodie.jpg","width":1181,"height":1181,"caption":"Sch\u00fclerzeitung der HAK\/HAS Steyr"},"image":{"@id":"https:\/\/wordpress.hak-steyr.at\/insight7\/#\/schema\/logo\/image\/"}},{"@type":"Person","@id":"https:\/\/wordpress.hak-steyr.at\/insight7\/#\/schema\/person\/59f391afa239e0e6a5f1ccb1ad7f17d0","name":"Chefredakteurin","url":"https:\/\/wordpress.hak-steyr.at\/insight7\/author\/chefredaktion\/"}]}},"_links":{"self":[{"href":"https:\/\/wordpress.hak-steyr.at\/insight7\/wp-json\/wp\/v2\/posts\/10645","targetHints":{"allow":["GET"]}}],"collection":[{"href":"https:\/\/wordpress.hak-steyr.at\/insight7\/wp-json\/wp\/v2\/posts"}],"about":[{"href":"https:\/\/wordpress.hak-steyr.at\/insight7\/wp-json\/wp\/v2\/types\/post"}],"author":[{"embeddable":true,"href":"https:\/\/wordpress.hak-steyr.at\/insight7\/wp-json\/wp\/v2\/users\/95"}],"replies":[{"embeddable":true,"href":"https:\/\/wordpress.hak-steyr.at\/insight7\/wp-json\/wp\/v2\/comments?post=10645"}],"version-history":[{"count":1,"href":"https:\/\/wordpress.hak-steyr.at\/insight7\/wp-json\/wp\/v2\/posts\/10645\/revisions"}],"predecessor-version":[{"id":10652,"href":"https:\/\/wordpress.hak-steyr.at\/insight7\/wp-json\/wp\/v2\/posts\/10645\/revisions\/10652"}],"wp:featuredmedia":[{"embeddable":true,"href":"https:\/\/wordpress.hak-steyr.at\/insight7\/wp-json\/wp\/v2\/media\/10648"}],"wp:attachment":[{"href":"https:\/\/wordpress.hak-steyr.at\/insight7\/wp-json\/wp\/v2\/media?parent=10645"}],"wp:term":[{"taxonomy":"category","embeddable":true,"href":"https:\/\/wordpress.hak-steyr.at\/insight7\/wp-json\/wp\/v2\/categories?post=10645"},{"taxonomy":"post_tag","embeddable":true,"href":"https:\/\/wordpress.hak-steyr.at\/insight7\/wp-json\/wp\/v2\/tags?post=10645"}],"curies":[{"name":"wp","href":"https:\/\/api.w.org\/{rel}","templated":true}]}}