{"id":10775,"date":"2025-01-09T15:50:25","date_gmt":"2025-01-09T14:50:25","guid":{"rendered":"https:\/\/wordpress.hak-steyr.at\/insight7\/?p=10775"},"modified":"2025-01-14T16:01:48","modified_gmt":"2025-01-14T15:01:48","slug":"koalitionsverhandlungen-fuer-neue-regierung-geplatzt","status":"publish","type":"post","link":"https:\/\/wordpress.hak-steyr.at\/insight7\/2025\/01\/09\/koalitionsverhandlungen-fuer-neue-regierung-geplatzt\/","title":{"rendered":"Koalitionsverhandlungen f\u00fcr neue Regierung geplatzt?"},"content":{"rendered":"\n<p><strong>Warum sind die Koalitionsgespr\u00e4che geplatzt, und wie es jetzt weiter geht?<\/strong><\/p>\n\n\n\n<p>Ein weiteres politisches Beben w\u00fctet \u00fcber \u00d6sterreich, nach den Wahlen im September, welche zum ersten Mal von den Freiheitlichen f\u00fcr sich entschieden wurde, des umstrittenen Regierungsbildungsauftrag und dem Ausstieg der Neos aus der Ampelkoalition, ist es jetzt nun endg\u00fcltig vorbei mit der Rot-T\u00fcrkisen Koalition.<\/p>\n\n\n\n<p><strong>Warum sind die Koalitionsgespr\u00e4che geplatzt?<\/strong><\/p>\n\n\n\n<p>Die Koalitionsverhandlungen zwischen den drei Parteien hatten sich \u00fcber Wochen hingezogen. Die Parteien hatten gro\u00dfe Differenzen in zentralen Feldern wie Wirtschafts-, Sozial- und Umweltpolitik. Trotz intensiver Bem\u00fchungen in diesen Feldern eine Einigung zu finden, war es ihnen nicht m\u00f6glich auf gemeinsames Regierungsprogramm zu einigen.<br>\u201eWir haben alles versucht, um eine stabile Regierung f\u00fcr \u00d6sterreich zu bilden\u201c, erkl\u00e4rte Nehammer in einer Pressekonferenz. \u201eLetztendlich waren die programmatischen Differenzen zwischen \u00d6VP und SP\u00d6 zu gro\u00df. F\u00fcr eine funktionierende Koalition fehlte es an der notwendigen Vertrauensbasis und Kompromissbereitschaft.\u201c<\/p>\n\n\n\n<p><strong>Auswirkungen auf die politische Landschaft<\/strong><\/p>\n\n\n\n<p>Mit dem Scheitern der Koalitionsverhandlungen ist eine Phase der politischen Unsicherheit eingetreten.<br>Nach dem schon fatalen Wahlergebnis der zuvor Stimmen st\u00e4rksten Parteien, \u00d6VP und SP\u00d6, ist dies ein weiterer R\u00fcckschlag, welcher ihnen noch mehr W\u00e4hler kosten k\u00f6nnte.<br>Aber auch der R\u00fccktritt des Bundeskanzlers Karl Nehammer hat eine starke Auswirkung auf das ganze Land.<\/p>\n\n\n\n<p><strong>Wie geht es jetzt mit der \u00f6sterreichischen Regierung weiter?<\/strong><\/p>\n\n\n\n<p>Die n\u00e4chsten Schritte sind noch unklar.<br>Jedoch hat Pr\u00e4sident Alexander Van der Bellen nun der FP\u00d6 mit Herbert Kickl den Auftrag zur Regierungsbildung weitergegeben. Dieser ist nun im Gespr\u00e4ch mit der \u00d6VP zu einer m\u00f6glichen Koalition. Jedoch ist es \u00e4u\u00dferst fraglich ob diese Verhandlungen zu einer Einigkeit f\u00fchren.<br>Dann ist es nicht klar, wie es weiter geht: Expertenregierung, Neuwahlen oder doch eine Minderheitsregierung.<\/p>\n<div class=\"pvc_clear\"><\/div><p id=\"pvc_stats_10775\" class=\"pvc_stats total_only  \" data-element-id=\"10775\" style=\"\"><i class=\"pvc-stats-icon medium\" aria-hidden=\"true\"><svg aria-hidden=\"true\" focusable=\"false\" data-prefix=\"far\" data-icon=\"chart-bar\" role=\"img\" xmlns=\"http:\/\/www.w3.org\/2000\/svg\" viewBox=\"0 0 512 512\" class=\"svg-inline--fa fa-chart-bar fa-w-16 fa-2x\"><path fill=\"currentColor\" d=\"M396.8 352h22.4c6.4 0 12.8-6.4 12.8-12.8V108.8c0-6.4-6.4-12.8-12.8-12.8h-22.4c-6.4 0-12.8 6.4-12.8 12.8v230.4c0 6.4 6.4 12.8 12.8 12.8zm-192 0h22.4c6.4 0 12.8-6.4 12.8-12.8V140.8c0-6.4-6.4-12.8-12.8-12.8h-22.4c-6.4 0-12.8 6.4-12.8 12.8v198.4c0 6.4 6.4 12.8 12.8 12.8zm96 0h22.4c6.4 0 12.8-6.4 12.8-12.8V204.8c0-6.4-6.4-12.8-12.8-12.8h-22.4c-6.4 0-12.8 6.4-12.8 12.8v134.4c0 6.4 6.4 12.8 12.8 12.8zM496 400H48V80c0-8.84-7.16-16-16-16H16C7.16 64 0 71.16 0 80v336c0 17.67 14.33 32 32 32h464c8.84 0 16-7.16 16-16v-16c0-8.84-7.16-16-16-16zm-387.2-48h22.4c6.4 0 12.8-6.4 12.8-12.8v-70.4c0-6.4-6.4-12.8-12.8-12.8h-22.4c-6.4 0-12.8 6.4-12.8 12.8v70.4c0 6.4 6.4 12.8 12.8 12.8z\" class=\"\"><\/path><\/svg><\/i> <img loading=\"lazy\" decoding=\"async\" width=\"16\" height=\"16\" alt=\"Loading\" src=\"https:\/\/wordpress.hak-steyr.at\/insight7\/wp-content\/plugins\/page-views-count\/ajax-loader-2x.gif\" border=0 \/><\/p><div class=\"pvc_clear\"><\/div>","protected":false},"excerpt":{"rendered":"<p>Warum sind die Koalitionsgespr\u00e4che geplatzt, und wie es jetzt weiter geht? Ein weiteres politisches Beben w\u00fctet \u00fcber \u00d6sterreich, nach den Wahlen im September, welche zum ersten Mal von den Freiheitlichen f\u00fcr sich entschieden wurde, des umstrittenen Regierungsbildungsauftrag und dem Ausstieg der Neos aus der Ampelkoalition, ist es jetzt nun endg\u00fcltig vorbei mit der Rot-T\u00fcrkisen Koalition. [&hellip;]<\/p>\n","protected":false},"author":95,"featured_media":10794,"comment_status":"closed","ping_status":"closed","sticky":false,"template":"","format":"standard","meta":{"footnotes":""},"categories":[149,152],"tags":[],"class_list":["post-10775","post","type-post","status-publish","format-standard","has-post-thumbnail","hentry","category-ops","category-pol"],"yoast_head":"<!-- This site is optimized with the Yoast SEO plugin v26.1.1 - https:\/\/yoast.com\/wordpress\/plugins\/seo\/ -->\n<title>Koalitionsverhandlungen f\u00fcr neue Regierung geplatzt? - insight7<\/title>\n<meta name=\"robots\" content=\"index, follow, max-snippet:-1, max-image-preview:large, max-video-preview:-1\" \/>\n<link rel=\"canonical\" href=\"https:\/\/wordpress.hak-steyr.at\/insight7\/2025\/01\/09\/koalitionsverhandlungen-fuer-neue-regierung-geplatzt\/\" \/>\n<meta property=\"og:locale\" content=\"de_DE\" \/>\n<meta property=\"og:type\" content=\"article\" \/>\n<meta property=\"og:title\" content=\"Koalitionsverhandlungen f\u00fcr neue Regierung geplatzt? - insight7\" \/>\n<meta property=\"og:description\" content=\"Warum sind die Koalitionsgespr\u00e4che geplatzt, und wie es jetzt weiter geht? Ein weiteres politisches Beben w\u00fctet \u00fcber \u00d6sterreich, nach den Wahlen im September, welche zum ersten Mal von den Freiheitlichen f\u00fcr sich entschieden wurde, des umstrittenen Regierungsbildungsauftrag und dem Ausstieg der Neos aus der Ampelkoalition, ist es jetzt nun endg\u00fcltig vorbei mit der Rot-T\u00fcrkisen Koalition. [&hellip;]\" \/>\n<meta property=\"og:url\" content=\"https:\/\/wordpress.hak-steyr.at\/insight7\/2025\/01\/09\/koalitionsverhandlungen-fuer-neue-regierung-geplatzt\/\" \/>\n<meta property=\"og:site_name\" content=\"insight7\" \/>\n<meta property=\"article:published_time\" content=\"2025-01-09T14:50:25+00:00\" \/>\n<meta property=\"article:modified_time\" content=\"2025-01-14T15:01:48+00:00\" \/>\n<meta property=\"og:image\" content=\"https:\/\/wordpress.hak-steyr.at\/insight7\/wp-content\/uploads\/2025\/01\/Bild-1.png\" \/>\n\t<meta property=\"og:image:width\" content=\"409\" \/>\n\t<meta property=\"og:image:height\" content=\"411\" \/>\n\t<meta property=\"og:image:type\" content=\"image\/png\" \/>\n<meta name=\"author\" content=\"Chefredakteurin\" \/>\n<meta name=\"twitter:card\" content=\"summary_large_image\" \/>\n<meta name=\"twitter:label1\" content=\"Verfasst von\" \/>\n\t<meta name=\"twitter:data1\" content=\"Chefredakteurin\" \/>\n\t<meta name=\"twitter:label2\" content=\"Gesch\u00e4tzte Lesezeit\" \/>\n\t<meta name=\"twitter:data2\" content=\"1\u00a0Minute\" \/>\n<script type=\"application\/ld+json\" class=\"yoast-schema-graph\">{\"@context\":\"https:\/\/schema.org\",\"@graph\":[{\"@type\":\"Article\",\"@id\":\"https:\/\/wordpress.hak-steyr.at\/insight7\/2025\/01\/09\/koalitionsverhandlungen-fuer-neue-regierung-geplatzt\/#article\",\"isPartOf\":{\"@id\":\"https:\/\/wordpress.hak-steyr.at\/insight7\/2025\/01\/09\/koalitionsverhandlungen-fuer-neue-regierung-geplatzt\/\"},\"author\":{\"name\":\"Chefredakteurin\",\"@id\":\"https:\/\/wordpress.hak-steyr.at\/insight7\/#\/schema\/person\/59f391afa239e0e6a5f1ccb1ad7f17d0\"},\"headline\":\"Koalitionsverhandlungen f\u00fcr neue Regierung geplatzt?\",\"datePublished\":\"2025-01-09T14:50:25+00:00\",\"dateModified\":\"2025-01-14T15:01:48+00:00\",\"mainEntityOfPage\":{\"@id\":\"https:\/\/wordpress.hak-steyr.at\/insight7\/2025\/01\/09\/koalitionsverhandlungen-fuer-neue-regierung-geplatzt\/\"},\"wordCount\":303,\"publisher\":{\"@id\":\"https:\/\/wordpress.hak-steyr.at\/insight7\/#organization\"},\"image\":{\"@id\":\"https:\/\/wordpress.hak-steyr.at\/insight7\/2025\/01\/09\/koalitionsverhandlungen-fuer-neue-regierung-geplatzt\/#primaryimage\"},\"thumbnailUrl\":\"https:\/\/wordpress.hak-steyr.at\/insight7\/wp-content\/uploads\/2025\/01\/Bild-1.png\",\"articleSection\":[\"Opinions\",\"Politics\"],\"inLanguage\":\"de\"},{\"@type\":\"WebPage\",\"@id\":\"https:\/\/wordpress.hak-steyr.at\/insight7\/2025\/01\/09\/koalitionsverhandlungen-fuer-neue-regierung-geplatzt\/\",\"url\":\"https:\/\/wordpress.hak-steyr.at\/insight7\/2025\/01\/09\/koalitionsverhandlungen-fuer-neue-regierung-geplatzt\/\",\"name\":\"Koalitionsverhandlungen f\u00fcr neue Regierung geplatzt? - insight7\",\"isPartOf\":{\"@id\":\"https:\/\/wordpress.hak-steyr.at\/insight7\/#website\"},\"primaryImageOfPage\":{\"@id\":\"https:\/\/wordpress.hak-steyr.at\/insight7\/2025\/01\/09\/koalitionsverhandlungen-fuer-neue-regierung-geplatzt\/#primaryimage\"},\"image\":{\"@id\":\"https:\/\/wordpress.hak-steyr.at\/insight7\/2025\/01\/09\/koalitionsverhandlungen-fuer-neue-regierung-geplatzt\/#primaryimage\"},\"thumbnailUrl\":\"https:\/\/wordpress.hak-steyr.at\/insight7\/wp-content\/uploads\/2025\/01\/Bild-1.png\",\"datePublished\":\"2025-01-09T14:50:25+00:00\",\"dateModified\":\"2025-01-14T15:01:48+00:00\",\"breadcrumb\":{\"@id\":\"https:\/\/wordpress.hak-steyr.at\/insight7\/2025\/01\/09\/koalitionsverhandlungen-fuer-neue-regierung-geplatzt\/#breadcrumb\"},\"inLanguage\":\"de\",\"potentialAction\":[{\"@type\":\"ReadAction\",\"target\":[\"https:\/\/wordpress.hak-steyr.at\/insight7\/2025\/01\/09\/koalitionsverhandlungen-fuer-neue-regierung-geplatzt\/\"]}]},{\"@type\":\"ImageObject\",\"inLanguage\":\"de\",\"@id\":\"https:\/\/wordpress.hak-steyr.at\/insight7\/2025\/01\/09\/koalitionsverhandlungen-fuer-neue-regierung-geplatzt\/#primaryimage\",\"url\":\"https:\/\/wordpress.hak-steyr.at\/insight7\/wp-content\/uploads\/2025\/01\/Bild-1.png\",\"contentUrl\":\"https:\/\/wordpress.hak-steyr.at\/insight7\/wp-content\/uploads\/2025\/01\/Bild-1.png\",\"width\":409,\"height\":411},{\"@type\":\"BreadcrumbList\",\"@id\":\"https:\/\/wordpress.hak-steyr.at\/insight7\/2025\/01\/09\/koalitionsverhandlungen-fuer-neue-regierung-geplatzt\/#breadcrumb\",\"itemListElement\":[{\"@type\":\"ListItem\",\"position\":1,\"name\":\"Startseite\",\"item\":\"https:\/\/wordpress.hak-steyr.at\/insight7\/\"},{\"@type\":\"ListItem\",\"position\":2,\"name\":\"Koalitionsverhandlungen f\u00fcr neue Regierung geplatzt?\"}]},{\"@type\":\"WebSite\",\"@id\":\"https:\/\/wordpress.hak-steyr.at\/insight7\/#website\",\"url\":\"https:\/\/wordpress.hak-steyr.at\/insight7\/\",\"name\":\"insight7\",\"description\":\"Onlinesch\u00fclerzeitung der BHAK\/BHAS Steyr\",\"publisher\":{\"@id\":\"https:\/\/wordpress.hak-steyr.at\/insight7\/#organization\"},\"potentialAction\":[{\"@type\":\"SearchAction\",\"target\":{\"@type\":\"EntryPoint\",\"urlTemplate\":\"https:\/\/wordpress.hak-steyr.at\/insight7\/?s={search_term_string}\"},\"query-input\":{\"@type\":\"PropertyValueSpecification\",\"valueRequired\":true,\"valueName\":\"search_term_string\"}}],\"inLanguage\":\"de\"},{\"@type\":\"Organization\",\"@id\":\"https:\/\/wordpress.hak-steyr.at\/insight7\/#organization\",\"name\":\"Sch\u00fclerzeitung der HAK\/HAS Steyr\",\"url\":\"https:\/\/wordpress.hak-steyr.at\/insight7\/\",\"logo\":{\"@type\":\"ImageObject\",\"inLanguage\":\"de\",\"@id\":\"https:\/\/wordpress.hak-steyr.at\/insight7\/#\/schema\/logo\/image\/\",\"url\":\"https:\/\/wordpress.hak-steyr.at\/insight7\/wp-content\/uploads\/2025\/03\/Quadrat_HAKhoodie.jpg\",\"contentUrl\":\"https:\/\/wordpress.hak-steyr.at\/insight7\/wp-content\/uploads\/2025\/03\/Quadrat_HAKhoodie.jpg\",\"width\":1181,\"height\":1181,\"caption\":\"Sch\u00fclerzeitung der HAK\/HAS Steyr\"},\"image\":{\"@id\":\"https:\/\/wordpress.hak-steyr.at\/insight7\/#\/schema\/logo\/image\/\"}},{\"@type\":\"Person\",\"@id\":\"https:\/\/wordpress.hak-steyr.at\/insight7\/#\/schema\/person\/59f391afa239e0e6a5f1ccb1ad7f17d0\",\"name\":\"Chefredakteurin\",\"url\":\"https:\/\/wordpress.hak-steyr.at\/insight7\/author\/chefredaktion\/\"}]}<\/script>\n<!-- \/ Yoast SEO plugin. -->","yoast_head_json":{"title":"Koalitionsverhandlungen f\u00fcr neue Regierung geplatzt? - insight7","robots":{"index":"index","follow":"follow","max-snippet":"max-snippet:-1","max-image-preview":"max-image-preview:large","max-video-preview":"max-video-preview:-1"},"canonical":"https:\/\/wordpress.hak-steyr.at\/insight7\/2025\/01\/09\/koalitionsverhandlungen-fuer-neue-regierung-geplatzt\/","og_locale":"de_DE","og_type":"article","og_title":"Koalitionsverhandlungen f\u00fcr neue Regierung geplatzt? - insight7","og_description":"Warum sind die Koalitionsgespr\u00e4che geplatzt, und wie es jetzt weiter geht? Ein weiteres politisches Beben w\u00fctet \u00fcber \u00d6sterreich, nach den Wahlen im September, welche zum ersten Mal von den Freiheitlichen f\u00fcr sich entschieden wurde, des umstrittenen Regierungsbildungsauftrag und dem Ausstieg der Neos aus der Ampelkoalition, ist es jetzt nun endg\u00fcltig vorbei mit der Rot-T\u00fcrkisen Koalition. [&hellip;]","og_url":"https:\/\/wordpress.hak-steyr.at\/insight7\/2025\/01\/09\/koalitionsverhandlungen-fuer-neue-regierung-geplatzt\/","og_site_name":"insight7","article_published_time":"2025-01-09T14:50:25+00:00","article_modified_time":"2025-01-14T15:01:48+00:00","og_image":[{"width":409,"height":411,"url":"https:\/\/wordpress.hak-steyr.at\/insight7\/wp-content\/uploads\/2025\/01\/Bild-1.png","type":"image\/png"}],"author":"Chefredakteurin","twitter_card":"summary_large_image","twitter_misc":{"Verfasst von":"Chefredakteurin","Gesch\u00e4tzte Lesezeit":"1\u00a0Minute"},"schema":{"@context":"https:\/\/schema.org","@graph":[{"@type":"Article","@id":"https:\/\/wordpress.hak-steyr.at\/insight7\/2025\/01\/09\/koalitionsverhandlungen-fuer-neue-regierung-geplatzt\/#article","isPartOf":{"@id":"https:\/\/wordpress.hak-steyr.at\/insight7\/2025\/01\/09\/koalitionsverhandlungen-fuer-neue-regierung-geplatzt\/"},"author":{"name":"Chefredakteurin","@id":"https:\/\/wordpress.hak-steyr.at\/insight7\/#\/schema\/person\/59f391afa239e0e6a5f1ccb1ad7f17d0"},"headline":"Koalitionsverhandlungen f\u00fcr neue Regierung geplatzt?","datePublished":"2025-01-09T14:50:25+00:00","dateModified":"2025-01-14T15:01:48+00:00","mainEntityOfPage":{"@id":"https:\/\/wordpress.hak-steyr.at\/insight7\/2025\/01\/09\/koalitionsverhandlungen-fuer-neue-regierung-geplatzt\/"},"wordCount":303,"publisher":{"@id":"https:\/\/wordpress.hak-steyr.at\/insight7\/#organization"},"image":{"@id":"https:\/\/wordpress.hak-steyr.at\/insight7\/2025\/01\/09\/koalitionsverhandlungen-fuer-neue-regierung-geplatzt\/#primaryimage"},"thumbnailUrl":"https:\/\/wordpress.hak-steyr.at\/insight7\/wp-content\/uploads\/2025\/01\/Bild-1.png","articleSection":["Opinions","Politics"],"inLanguage":"de"},{"@type":"WebPage","@id":"https:\/\/wordpress.hak-steyr.at\/insight7\/2025\/01\/09\/koalitionsverhandlungen-fuer-neue-regierung-geplatzt\/","url":"https:\/\/wordpress.hak-steyr.at\/insight7\/2025\/01\/09\/koalitionsverhandlungen-fuer-neue-regierung-geplatzt\/","name":"Koalitionsverhandlungen f\u00fcr neue Regierung geplatzt? - insight7","isPartOf":{"@id":"https:\/\/wordpress.hak-steyr.at\/insight7\/#website"},"primaryImageOfPage":{"@id":"https:\/\/wordpress.hak-steyr.at\/insight7\/2025\/01\/09\/koalitionsverhandlungen-fuer-neue-regierung-geplatzt\/#primaryimage"},"image":{"@id":"https:\/\/wordpress.hak-steyr.at\/insight7\/2025\/01\/09\/koalitionsverhandlungen-fuer-neue-regierung-geplatzt\/#primaryimage"},"thumbnailUrl":"https:\/\/wordpress.hak-steyr.at\/insight7\/wp-content\/uploads\/2025\/01\/Bild-1.png","datePublished":"2025-01-09T14:50:25+00:00","dateModified":"2025-01-14T15:01:48+00:00","breadcrumb":{"@id":"https:\/\/wordpress.hak-steyr.at\/insight7\/2025\/01\/09\/koalitionsverhandlungen-fuer-neue-regierung-geplatzt\/#breadcrumb"},"inLanguage":"de","potentialAction":[{"@type":"ReadAction","target":["https:\/\/wordpress.hak-steyr.at\/insight7\/2025\/01\/09\/koalitionsverhandlungen-fuer-neue-regierung-geplatzt\/"]}]},{"@type":"ImageObject","inLanguage":"de","@id":"https:\/\/wordpress.hak-steyr.at\/insight7\/2025\/01\/09\/koalitionsverhandlungen-fuer-neue-regierung-geplatzt\/#primaryimage","url":"https:\/\/wordpress.hak-steyr.at\/insight7\/wp-content\/uploads\/2025\/01\/Bild-1.png","contentUrl":"https:\/\/wordpress.hak-steyr.at\/insight7\/wp-content\/uploads\/2025\/01\/Bild-1.png","width":409,"height":411},{"@type":"BreadcrumbList","@id":"https:\/\/wordpress.hak-steyr.at\/insight7\/2025\/01\/09\/koalitionsverhandlungen-fuer-neue-regierung-geplatzt\/#breadcrumb","itemListElement":[{"@type":"ListItem","position":1,"name":"Startseite","item":"https:\/\/wordpress.hak-steyr.at\/insight7\/"},{"@type":"ListItem","position":2,"name":"Koalitionsverhandlungen f\u00fcr neue Regierung geplatzt?"}]},{"@type":"WebSite","@id":"https:\/\/wordpress.hak-steyr.at\/insight7\/#website","url":"https:\/\/wordpress.hak-steyr.at\/insight7\/","name":"insight7","description":"Onlinesch\u00fclerzeitung der BHAK\/BHAS Steyr","publisher":{"@id":"https:\/\/wordpress.hak-steyr.at\/insight7\/#organization"},"potentialAction":[{"@type":"SearchAction","target":{"@type":"EntryPoint","urlTemplate":"https:\/\/wordpress.hak-steyr.at\/insight7\/?s={search_term_string}"},"query-input":{"@type":"PropertyValueSpecification","valueRequired":true,"valueName":"search_term_string"}}],"inLanguage":"de"},{"@type":"Organization","@id":"https:\/\/wordpress.hak-steyr.at\/insight7\/#organization","name":"Sch\u00fclerzeitung der HAK\/HAS Steyr","url":"https:\/\/wordpress.hak-steyr.at\/insight7\/","logo":{"@type":"ImageObject","inLanguage":"de","@id":"https:\/\/wordpress.hak-steyr.at\/insight7\/#\/schema\/logo\/image\/","url":"https:\/\/wordpress.hak-steyr.at\/insight7\/wp-content\/uploads\/2025\/03\/Quadrat_HAKhoodie.jpg","contentUrl":"https:\/\/wordpress.hak-steyr.at\/insight7\/wp-content\/uploads\/2025\/03\/Quadrat_HAKhoodie.jpg","width":1181,"height":1181,"caption":"Sch\u00fclerzeitung der HAK\/HAS Steyr"},"image":{"@id":"https:\/\/wordpress.hak-steyr.at\/insight7\/#\/schema\/logo\/image\/"}},{"@type":"Person","@id":"https:\/\/wordpress.hak-steyr.at\/insight7\/#\/schema\/person\/59f391afa239e0e6a5f1ccb1ad7f17d0","name":"Chefredakteurin","url":"https:\/\/wordpress.hak-steyr.at\/insight7\/author\/chefredaktion\/"}]}},"_links":{"self":[{"href":"https:\/\/wordpress.hak-steyr.at\/insight7\/wp-json\/wp\/v2\/posts\/10775","targetHints":{"allow":["GET"]}}],"collection":[{"href":"https:\/\/wordpress.hak-steyr.at\/insight7\/wp-json\/wp\/v2\/posts"}],"about":[{"href":"https:\/\/wordpress.hak-steyr.at\/insight7\/wp-json\/wp\/v2\/types\/post"}],"author":[{"embeddable":true,"href":"https:\/\/wordpress.hak-steyr.at\/insight7\/wp-json\/wp\/v2\/users\/95"}],"replies":[{"embeddable":true,"href":"https:\/\/wordpress.hak-steyr.at\/insight7\/wp-json\/wp\/v2\/comments?post=10775"}],"version-history":[{"count":1,"href":"https:\/\/wordpress.hak-steyr.at\/insight7\/wp-json\/wp\/v2\/posts\/10775\/revisions"}],"predecessor-version":[{"id":10776,"href":"https:\/\/wordpress.hak-steyr.at\/insight7\/wp-json\/wp\/v2\/posts\/10775\/revisions\/10776"}],"wp:featuredmedia":[{"embeddable":true,"href":"https:\/\/wordpress.hak-steyr.at\/insight7\/wp-json\/wp\/v2\/media\/10794"}],"wp:attachment":[{"href":"https:\/\/wordpress.hak-steyr.at\/insight7\/wp-json\/wp\/v2\/media?parent=10775"}],"wp:term":[{"taxonomy":"category","embeddable":true,"href":"https:\/\/wordpress.hak-steyr.at\/insight7\/wp-json\/wp\/v2\/categories?post=10775"},{"taxonomy":"post_tag","embeddable":true,"href":"https:\/\/wordpress.hak-steyr.at\/insight7\/wp-json\/wp\/v2\/tags?post=10775"}],"curies":[{"name":"wp","href":"https:\/\/api.w.org\/{rel}","templated":true}]}}