{"id":10777,"date":"2025-01-07T15:57:12","date_gmt":"2025-01-07T14:57:12","guid":{"rendered":"https:\/\/wordpress.hak-steyr.at\/insight7\/?p=10777"},"modified":"2025-01-07T15:57:12","modified_gmt":"2025-01-07T14:57:12","slug":"die-dunkle-seite-des-feuerwerks","status":"publish","type":"post","link":"https:\/\/wordpress.hak-steyr.at\/insight7\/2025\/01\/07\/die-dunkle-seite-des-feuerwerks\/","title":{"rendered":"Die dunkle Seite des Feuerwerks"},"content":{"rendered":"\n<p>Viele Menschen freuen sich auf die Silvesternacht und Raketen und B\u00f6ller geh\u00f6ren zum Jahreswechsel dazu. Die bunten Lichter erfreuen die Gesichter von jung bis alt. Doch wie erfreulich sind die Schattenseiten, die hinter dem Feuerwerk stecken?<\/p>\n\n\n\n<p>Die beeindruckende Lichtershow hat enorme Auswirkungen auf die Umwelt. Wir lassen unsere Haustiere unter Panik leiden. Nur, um 10 Minuten bunte Lichter in die Luft fliegen zu sehen. Aber diese 10 Minute haben gravierende Folgen:<\/p>\n\n\n\n<p>Fakten \u00fcber Umweltbelastung:<\/p>\n\n\n\n<ul class=\"wp-block-list\">\n<li>In Deutschland werden an Silvester 5.000 Tonnen Feinstaub freigesetzt \u2013 so viel verursacht der ganze Stra\u00dfenverkehr in mehreren Monaten.<\/li>\n\n\n\n<li>Raketen enthalten umweltsch\u00e4dliche Stoffe wie Barium, Strontium und Kupfer. Diese landen in B\u00f6den und Gew\u00e4ssern und belasten die Umwelt.<\/li>\n\n\n\n<li>Durch die Raketen entstehen ca. 2.000 Tonnen CO2 &#8211; das entspricht 340.000 Autofahrten mit einer L\u00e4nge von ca. 600 km.<\/li>\n\n\n\n<li>\u00dcber 2.000 bis 4.000 Tonnen M\u00fcll bleiben jedes Jahr in Parks oder auf der Stra\u00dfe liegen.<\/li>\n\n\n\n<li>Die Reinigungskosten betragen pro Stadt mehrere Millionen Euro.<\/li>\n<\/ul>\n\n\n\n<p>Faken zum Tierleid:<\/p>\n\n\n\n<ul class=\"wp-block-list\">\n<li>Rund 50 % der Hunde und Katzen entwickeln durch den L\u00e4rm schwere Angstreaktionen. Jedes Jahr gehen Tausende Haustiere verloren, da diese panisch fl\u00fcchten m\u00fcssen.<\/li>\n\n\n\n<li>V\u00f6gel geraten in Panik und fliegen dadurch bis zu 1.000 Meter hoch (statt 100-200 Meter) und verbrauchen dabei wertvolle Energiereserven, die im Winter besonders wichtig sind. 2011 wurden in den Niederlanden 4.000 tote V\u00f6gel dokumentiert, die in der Silvesternacht an Ersch\u00f6pfung starben.<\/li>\n\n\n\n<li>Wildtiere verletzten sich oft durch panische Flucht oder laufen auf Stra\u00dfen.<\/li>\n<\/ul>\n\n\n\n<p>Fakten \u00fcber Verletzungen:<\/p>\n\n\n\n<ul class=\"wp-block-list\">\n<li>In Deutschland verletzten sind j\u00e4hrlich \u00fcber 8.000 Menschen.<\/li>\n\n\n\n<li>20 % davon tragen bleibende Sch\u00e4den davon.<\/li>\n<\/ul>\n\n\n\n<p>Jedes Jahr geben die Menschen mehrere Milliarden Euro f\u00fcr Feuerwerk aus. Das Geld k\u00f6nnen viele Menschen im Not gebrauchen. Es w\u00e4re besser, das Geld zu spenden, anstatt Feuerwerk zu kaufen.<br>Die Zahlen sprechen f\u00fcr sich: Silvesterfeuerwerk ist eine Belastung f\u00fcr alle Lebewesen. Tradition ist zwar wichtig, aber es w\u00e4re besser, eine nachhaltige Tradition zu verfolgen.<\/p>\n\n\n\n<p><\/p>\n<div class=\"pvc_clear\"><\/div><p id=\"pvc_stats_10777\" class=\"pvc_stats total_only  \" data-element-id=\"10777\" style=\"\"><i class=\"pvc-stats-icon medium\" aria-hidden=\"true\"><svg aria-hidden=\"true\" focusable=\"false\" data-prefix=\"far\" data-icon=\"chart-bar\" role=\"img\" xmlns=\"http:\/\/www.w3.org\/2000\/svg\" viewBox=\"0 0 512 512\" class=\"svg-inline--fa fa-chart-bar fa-w-16 fa-2x\"><path fill=\"currentColor\" d=\"M396.8 352h22.4c6.4 0 12.8-6.4 12.8-12.8V108.8c0-6.4-6.4-12.8-12.8-12.8h-22.4c-6.4 0-12.8 6.4-12.8 12.8v230.4c0 6.4 6.4 12.8 12.8 12.8zm-192 0h22.4c6.4 0 12.8-6.4 12.8-12.8V140.8c0-6.4-6.4-12.8-12.8-12.8h-22.4c-6.4 0-12.8 6.4-12.8 12.8v198.4c0 6.4 6.4 12.8 12.8 12.8zm96 0h22.4c6.4 0 12.8-6.4 12.8-12.8V204.8c0-6.4-6.4-12.8-12.8-12.8h-22.4c-6.4 0-12.8 6.4-12.8 12.8v134.4c0 6.4 6.4 12.8 12.8 12.8zM496 400H48V80c0-8.84-7.16-16-16-16H16C7.16 64 0 71.16 0 80v336c0 17.67 14.33 32 32 32h464c8.84 0 16-7.16 16-16v-16c0-8.84-7.16-16-16-16zm-387.2-48h22.4c6.4 0 12.8-6.4 12.8-12.8v-70.4c0-6.4-6.4-12.8-12.8-12.8h-22.4c-6.4 0-12.8 6.4-12.8 12.8v70.4c0 6.4 6.4 12.8 12.8 12.8z\" class=\"\"><\/path><\/svg><\/i> <img loading=\"lazy\" decoding=\"async\" width=\"16\" height=\"16\" alt=\"Loading\" src=\"https:\/\/wordpress.hak-steyr.at\/insight7\/wp-content\/plugins\/page-views-count\/ajax-loader-2x.gif\" border=0 \/><\/p><div class=\"pvc_clear\"><\/div>","protected":false},"excerpt":{"rendered":"<p>Viele Menschen freuen sich auf die Silvesternacht und Raketen und B\u00f6ller geh\u00f6ren zum Jahreswechsel dazu. Die bunten Lichter erfreuen die Gesichter von jung bis alt. Doch wie erfreulich sind die Schattenseiten, die hinter dem Feuerwerk stecken? Die beeindruckende Lichtershow hat enorme Auswirkungen auf die Umwelt. Wir lassen unsere Haustiere unter Panik leiden. Nur, um 10 [&hellip;]<\/p>\n","protected":false},"author":95,"featured_media":10778,"comment_status":"closed","ping_status":"closed","sticky":false,"template":"","format":"standard","meta":{"footnotes":""},"categories":[20,149,151],"tags":[],"class_list":["post-10777","post","type-post","status-publish","format-standard","has-post-thumbnail","hentry","category-leisure","category-ops","category-world"],"yoast_head":"<!-- This site is optimized with the Yoast SEO plugin v26.1.1 - https:\/\/yoast.com\/wordpress\/plugins\/seo\/ -->\n<title>Die dunkle Seite des Feuerwerks - insight7<\/title>\n<meta name=\"robots\" content=\"index, follow, max-snippet:-1, max-image-preview:large, max-video-preview:-1\" \/>\n<link rel=\"canonical\" href=\"https:\/\/wordpress.hak-steyr.at\/insight7\/2025\/01\/07\/die-dunkle-seite-des-feuerwerks\/\" \/>\n<meta property=\"og:locale\" content=\"de_DE\" \/>\n<meta property=\"og:type\" content=\"article\" \/>\n<meta property=\"og:title\" content=\"Die dunkle Seite des Feuerwerks - insight7\" \/>\n<meta property=\"og:description\" content=\"Viele Menschen freuen sich auf die Silvesternacht und Raketen und B\u00f6ller geh\u00f6ren zum Jahreswechsel dazu. Die bunten Lichter erfreuen die Gesichter von jung bis alt. Doch wie erfreulich sind die Schattenseiten, die hinter dem Feuerwerk stecken? Die beeindruckende Lichtershow hat enorme Auswirkungen auf die Umwelt. Wir lassen unsere Haustiere unter Panik leiden. Nur, um 10 [&hellip;]\" \/>\n<meta property=\"og:url\" content=\"https:\/\/wordpress.hak-steyr.at\/insight7\/2025\/01\/07\/die-dunkle-seite-des-feuerwerks\/\" \/>\n<meta property=\"og:site_name\" content=\"insight7\" \/>\n<meta property=\"article:published_time\" content=\"2025-01-07T14:57:12+00:00\" \/>\n<meta property=\"og:image\" content=\"https:\/\/wordpress.hak-steyr.at\/insight7\/wp-content\/uploads\/2025\/01\/Firefly-silvesterfeuerwerk-47454.jpg\" \/>\n\t<meta property=\"og:image:width\" content=\"512\" \/>\n\t<meta property=\"og:image:height\" content=\"512\" \/>\n\t<meta property=\"og:image:type\" content=\"image\/jpeg\" \/>\n<meta name=\"author\" content=\"Chefredakteurin\" \/>\n<meta name=\"twitter:card\" content=\"summary_large_image\" \/>\n<meta name=\"twitter:label1\" content=\"Verfasst von\" \/>\n\t<meta name=\"twitter:data1\" content=\"Chefredakteurin\" \/>\n\t<meta name=\"twitter:label2\" content=\"Gesch\u00e4tzte Lesezeit\" \/>\n\t<meta name=\"twitter:data2\" content=\"2\u00a0Minuten\" \/>\n<script type=\"application\/ld+json\" class=\"yoast-schema-graph\">{\"@context\":\"https:\/\/schema.org\",\"@graph\":[{\"@type\":\"Article\",\"@id\":\"https:\/\/wordpress.hak-steyr.at\/insight7\/2025\/01\/07\/die-dunkle-seite-des-feuerwerks\/#article\",\"isPartOf\":{\"@id\":\"https:\/\/wordpress.hak-steyr.at\/insight7\/2025\/01\/07\/die-dunkle-seite-des-feuerwerks\/\"},\"author\":{\"name\":\"Chefredakteurin\",\"@id\":\"https:\/\/wordpress.hak-steyr.at\/insight7\/#\/schema\/person\/59f391afa239e0e6a5f1ccb1ad7f17d0\"},\"headline\":\"Die dunkle Seite des Feuerwerks\",\"datePublished\":\"2025-01-07T14:57:12+00:00\",\"mainEntityOfPage\":{\"@id\":\"https:\/\/wordpress.hak-steyr.at\/insight7\/2025\/01\/07\/die-dunkle-seite-des-feuerwerks\/\"},\"wordCount\":321,\"publisher\":{\"@id\":\"https:\/\/wordpress.hak-steyr.at\/insight7\/#organization\"},\"image\":{\"@id\":\"https:\/\/wordpress.hak-steyr.at\/insight7\/2025\/01\/07\/die-dunkle-seite-des-feuerwerks\/#primaryimage\"},\"thumbnailUrl\":\"https:\/\/wordpress.hak-steyr.at\/insight7\/wp-content\/uploads\/2025\/01\/Firefly-silvesterfeuerwerk-47454.jpg\",\"articleSection\":[\"Leisure\",\"Opinions\",\"Worldwide\"],\"inLanguage\":\"de\"},{\"@type\":\"WebPage\",\"@id\":\"https:\/\/wordpress.hak-steyr.at\/insight7\/2025\/01\/07\/die-dunkle-seite-des-feuerwerks\/\",\"url\":\"https:\/\/wordpress.hak-steyr.at\/insight7\/2025\/01\/07\/die-dunkle-seite-des-feuerwerks\/\",\"name\":\"Die dunkle Seite des Feuerwerks - insight7\",\"isPartOf\":{\"@id\":\"https:\/\/wordpress.hak-steyr.at\/insight7\/#website\"},\"primaryImageOfPage\":{\"@id\":\"https:\/\/wordpress.hak-steyr.at\/insight7\/2025\/01\/07\/die-dunkle-seite-des-feuerwerks\/#primaryimage\"},\"image\":{\"@id\":\"https:\/\/wordpress.hak-steyr.at\/insight7\/2025\/01\/07\/die-dunkle-seite-des-feuerwerks\/#primaryimage\"},\"thumbnailUrl\":\"https:\/\/wordpress.hak-steyr.at\/insight7\/wp-content\/uploads\/2025\/01\/Firefly-silvesterfeuerwerk-47454.jpg\",\"datePublished\":\"2025-01-07T14:57:12+00:00\",\"breadcrumb\":{\"@id\":\"https:\/\/wordpress.hak-steyr.at\/insight7\/2025\/01\/07\/die-dunkle-seite-des-feuerwerks\/#breadcrumb\"},\"inLanguage\":\"de\",\"potentialAction\":[{\"@type\":\"ReadAction\",\"target\":[\"https:\/\/wordpress.hak-steyr.at\/insight7\/2025\/01\/07\/die-dunkle-seite-des-feuerwerks\/\"]}]},{\"@type\":\"ImageObject\",\"inLanguage\":\"de\",\"@id\":\"https:\/\/wordpress.hak-steyr.at\/insight7\/2025\/01\/07\/die-dunkle-seite-des-feuerwerks\/#primaryimage\",\"url\":\"https:\/\/wordpress.hak-steyr.at\/insight7\/wp-content\/uploads\/2025\/01\/Firefly-silvesterfeuerwerk-47454.jpg\",\"contentUrl\":\"https:\/\/wordpress.hak-steyr.at\/insight7\/wp-content\/uploads\/2025\/01\/Firefly-silvesterfeuerwerk-47454.jpg\",\"width\":512,\"height\":512},{\"@type\":\"BreadcrumbList\",\"@id\":\"https:\/\/wordpress.hak-steyr.at\/insight7\/2025\/01\/07\/die-dunkle-seite-des-feuerwerks\/#breadcrumb\",\"itemListElement\":[{\"@type\":\"ListItem\",\"position\":1,\"name\":\"Startseite\",\"item\":\"https:\/\/wordpress.hak-steyr.at\/insight7\/\"},{\"@type\":\"ListItem\",\"position\":2,\"name\":\"Die dunkle Seite des Feuerwerks\"}]},{\"@type\":\"WebSite\",\"@id\":\"https:\/\/wordpress.hak-steyr.at\/insight7\/#website\",\"url\":\"https:\/\/wordpress.hak-steyr.at\/insight7\/\",\"name\":\"insight7\",\"description\":\"Onlinesch\u00fclerzeitung der BHAK\/BHAS Steyr\",\"publisher\":{\"@id\":\"https:\/\/wordpress.hak-steyr.at\/insight7\/#organization\"},\"potentialAction\":[{\"@type\":\"SearchAction\",\"target\":{\"@type\":\"EntryPoint\",\"urlTemplate\":\"https:\/\/wordpress.hak-steyr.at\/insight7\/?s={search_term_string}\"},\"query-input\":{\"@type\":\"PropertyValueSpecification\",\"valueRequired\":true,\"valueName\":\"search_term_string\"}}],\"inLanguage\":\"de\"},{\"@type\":\"Organization\",\"@id\":\"https:\/\/wordpress.hak-steyr.at\/insight7\/#organization\",\"name\":\"Sch\u00fclerzeitung der HAK\/HAS Steyr\",\"url\":\"https:\/\/wordpress.hak-steyr.at\/insight7\/\",\"logo\":{\"@type\":\"ImageObject\",\"inLanguage\":\"de\",\"@id\":\"https:\/\/wordpress.hak-steyr.at\/insight7\/#\/schema\/logo\/image\/\",\"url\":\"https:\/\/wordpress.hak-steyr.at\/insight7\/wp-content\/uploads\/2025\/03\/Quadrat_HAKhoodie.jpg\",\"contentUrl\":\"https:\/\/wordpress.hak-steyr.at\/insight7\/wp-content\/uploads\/2025\/03\/Quadrat_HAKhoodie.jpg\",\"width\":1181,\"height\":1181,\"caption\":\"Sch\u00fclerzeitung der HAK\/HAS Steyr\"},\"image\":{\"@id\":\"https:\/\/wordpress.hak-steyr.at\/insight7\/#\/schema\/logo\/image\/\"}},{\"@type\":\"Person\",\"@id\":\"https:\/\/wordpress.hak-steyr.at\/insight7\/#\/schema\/person\/59f391afa239e0e6a5f1ccb1ad7f17d0\",\"name\":\"Chefredakteurin\",\"url\":\"https:\/\/wordpress.hak-steyr.at\/insight7\/author\/chefredaktion\/\"}]}<\/script>\n<!-- \/ Yoast SEO plugin. -->","yoast_head_json":{"title":"Die dunkle Seite des Feuerwerks - insight7","robots":{"index":"index","follow":"follow","max-snippet":"max-snippet:-1","max-image-preview":"max-image-preview:large","max-video-preview":"max-video-preview:-1"},"canonical":"https:\/\/wordpress.hak-steyr.at\/insight7\/2025\/01\/07\/die-dunkle-seite-des-feuerwerks\/","og_locale":"de_DE","og_type":"article","og_title":"Die dunkle Seite des Feuerwerks - insight7","og_description":"Viele Menschen freuen sich auf die Silvesternacht und Raketen und B\u00f6ller geh\u00f6ren zum Jahreswechsel dazu. Die bunten Lichter erfreuen die Gesichter von jung bis alt. Doch wie erfreulich sind die Schattenseiten, die hinter dem Feuerwerk stecken? Die beeindruckende Lichtershow hat enorme Auswirkungen auf die Umwelt. Wir lassen unsere Haustiere unter Panik leiden. Nur, um 10 [&hellip;]","og_url":"https:\/\/wordpress.hak-steyr.at\/insight7\/2025\/01\/07\/die-dunkle-seite-des-feuerwerks\/","og_site_name":"insight7","article_published_time":"2025-01-07T14:57:12+00:00","og_image":[{"width":512,"height":512,"url":"https:\/\/wordpress.hak-steyr.at\/insight7\/wp-content\/uploads\/2025\/01\/Firefly-silvesterfeuerwerk-47454.jpg","type":"image\/jpeg"}],"author":"Chefredakteurin","twitter_card":"summary_large_image","twitter_misc":{"Verfasst von":"Chefredakteurin","Gesch\u00e4tzte Lesezeit":"2\u00a0Minuten"},"schema":{"@context":"https:\/\/schema.org","@graph":[{"@type":"Article","@id":"https:\/\/wordpress.hak-steyr.at\/insight7\/2025\/01\/07\/die-dunkle-seite-des-feuerwerks\/#article","isPartOf":{"@id":"https:\/\/wordpress.hak-steyr.at\/insight7\/2025\/01\/07\/die-dunkle-seite-des-feuerwerks\/"},"author":{"name":"Chefredakteurin","@id":"https:\/\/wordpress.hak-steyr.at\/insight7\/#\/schema\/person\/59f391afa239e0e6a5f1ccb1ad7f17d0"},"headline":"Die dunkle Seite des Feuerwerks","datePublished":"2025-01-07T14:57:12+00:00","mainEntityOfPage":{"@id":"https:\/\/wordpress.hak-steyr.at\/insight7\/2025\/01\/07\/die-dunkle-seite-des-feuerwerks\/"},"wordCount":321,"publisher":{"@id":"https:\/\/wordpress.hak-steyr.at\/insight7\/#organization"},"image":{"@id":"https:\/\/wordpress.hak-steyr.at\/insight7\/2025\/01\/07\/die-dunkle-seite-des-feuerwerks\/#primaryimage"},"thumbnailUrl":"https:\/\/wordpress.hak-steyr.at\/insight7\/wp-content\/uploads\/2025\/01\/Firefly-silvesterfeuerwerk-47454.jpg","articleSection":["Leisure","Opinions","Worldwide"],"inLanguage":"de"},{"@type":"WebPage","@id":"https:\/\/wordpress.hak-steyr.at\/insight7\/2025\/01\/07\/die-dunkle-seite-des-feuerwerks\/","url":"https:\/\/wordpress.hak-steyr.at\/insight7\/2025\/01\/07\/die-dunkle-seite-des-feuerwerks\/","name":"Die dunkle Seite des Feuerwerks - insight7","isPartOf":{"@id":"https:\/\/wordpress.hak-steyr.at\/insight7\/#website"},"primaryImageOfPage":{"@id":"https:\/\/wordpress.hak-steyr.at\/insight7\/2025\/01\/07\/die-dunkle-seite-des-feuerwerks\/#primaryimage"},"image":{"@id":"https:\/\/wordpress.hak-steyr.at\/insight7\/2025\/01\/07\/die-dunkle-seite-des-feuerwerks\/#primaryimage"},"thumbnailUrl":"https:\/\/wordpress.hak-steyr.at\/insight7\/wp-content\/uploads\/2025\/01\/Firefly-silvesterfeuerwerk-47454.jpg","datePublished":"2025-01-07T14:57:12+00:00","breadcrumb":{"@id":"https:\/\/wordpress.hak-steyr.at\/insight7\/2025\/01\/07\/die-dunkle-seite-des-feuerwerks\/#breadcrumb"},"inLanguage":"de","potentialAction":[{"@type":"ReadAction","target":["https:\/\/wordpress.hak-steyr.at\/insight7\/2025\/01\/07\/die-dunkle-seite-des-feuerwerks\/"]}]},{"@type":"ImageObject","inLanguage":"de","@id":"https:\/\/wordpress.hak-steyr.at\/insight7\/2025\/01\/07\/die-dunkle-seite-des-feuerwerks\/#primaryimage","url":"https:\/\/wordpress.hak-steyr.at\/insight7\/wp-content\/uploads\/2025\/01\/Firefly-silvesterfeuerwerk-47454.jpg","contentUrl":"https:\/\/wordpress.hak-steyr.at\/insight7\/wp-content\/uploads\/2025\/01\/Firefly-silvesterfeuerwerk-47454.jpg","width":512,"height":512},{"@type":"BreadcrumbList","@id":"https:\/\/wordpress.hak-steyr.at\/insight7\/2025\/01\/07\/die-dunkle-seite-des-feuerwerks\/#breadcrumb","itemListElement":[{"@type":"ListItem","position":1,"name":"Startseite","item":"https:\/\/wordpress.hak-steyr.at\/insight7\/"},{"@type":"ListItem","position":2,"name":"Die dunkle Seite des Feuerwerks"}]},{"@type":"WebSite","@id":"https:\/\/wordpress.hak-steyr.at\/insight7\/#website","url":"https:\/\/wordpress.hak-steyr.at\/insight7\/","name":"insight7","description":"Onlinesch\u00fclerzeitung der BHAK\/BHAS Steyr","publisher":{"@id":"https:\/\/wordpress.hak-steyr.at\/insight7\/#organization"},"potentialAction":[{"@type":"SearchAction","target":{"@type":"EntryPoint","urlTemplate":"https:\/\/wordpress.hak-steyr.at\/insight7\/?s={search_term_string}"},"query-input":{"@type":"PropertyValueSpecification","valueRequired":true,"valueName":"search_term_string"}}],"inLanguage":"de"},{"@type":"Organization","@id":"https:\/\/wordpress.hak-steyr.at\/insight7\/#organization","name":"Sch\u00fclerzeitung der HAK\/HAS Steyr","url":"https:\/\/wordpress.hak-steyr.at\/insight7\/","logo":{"@type":"ImageObject","inLanguage":"de","@id":"https:\/\/wordpress.hak-steyr.at\/insight7\/#\/schema\/logo\/image\/","url":"https:\/\/wordpress.hak-steyr.at\/insight7\/wp-content\/uploads\/2025\/03\/Quadrat_HAKhoodie.jpg","contentUrl":"https:\/\/wordpress.hak-steyr.at\/insight7\/wp-content\/uploads\/2025\/03\/Quadrat_HAKhoodie.jpg","width":1181,"height":1181,"caption":"Sch\u00fclerzeitung der HAK\/HAS Steyr"},"image":{"@id":"https:\/\/wordpress.hak-steyr.at\/insight7\/#\/schema\/logo\/image\/"}},{"@type":"Person","@id":"https:\/\/wordpress.hak-steyr.at\/insight7\/#\/schema\/person\/59f391afa239e0e6a5f1ccb1ad7f17d0","name":"Chefredakteurin","url":"https:\/\/wordpress.hak-steyr.at\/insight7\/author\/chefredaktion\/"}]}},"_links":{"self":[{"href":"https:\/\/wordpress.hak-steyr.at\/insight7\/wp-json\/wp\/v2\/posts\/10777","targetHints":{"allow":["GET"]}}],"collection":[{"href":"https:\/\/wordpress.hak-steyr.at\/insight7\/wp-json\/wp\/v2\/posts"}],"about":[{"href":"https:\/\/wordpress.hak-steyr.at\/insight7\/wp-json\/wp\/v2\/types\/post"}],"author":[{"embeddable":true,"href":"https:\/\/wordpress.hak-steyr.at\/insight7\/wp-json\/wp\/v2\/users\/95"}],"replies":[{"embeddable":true,"href":"https:\/\/wordpress.hak-steyr.at\/insight7\/wp-json\/wp\/v2\/comments?post=10777"}],"version-history":[{"count":1,"href":"https:\/\/wordpress.hak-steyr.at\/insight7\/wp-json\/wp\/v2\/posts\/10777\/revisions"}],"predecessor-version":[{"id":10779,"href":"https:\/\/wordpress.hak-steyr.at\/insight7\/wp-json\/wp\/v2\/posts\/10777\/revisions\/10779"}],"wp:featuredmedia":[{"embeddable":true,"href":"https:\/\/wordpress.hak-steyr.at\/insight7\/wp-json\/wp\/v2\/media\/10778"}],"wp:attachment":[{"href":"https:\/\/wordpress.hak-steyr.at\/insight7\/wp-json\/wp\/v2\/media?parent=10777"}],"wp:term":[{"taxonomy":"category","embeddable":true,"href":"https:\/\/wordpress.hak-steyr.at\/insight7\/wp-json\/wp\/v2\/categories?post=10777"},{"taxonomy":"post_tag","embeddable":true,"href":"https:\/\/wordpress.hak-steyr.at\/insight7\/wp-json\/wp\/v2\/tags?post=10777"}],"curies":[{"name":"wp","href":"https:\/\/api.w.org\/{rel}","templated":true}]}}