{"id":7279,"date":"2019-04-02T07:31:35","date_gmt":"2019-04-02T06:31:35","guid":{"rendered":"http:\/\/wordpress.hak-steyr.at\/insight7\/?p=7279"},"modified":"2020-11-24T20:11:23","modified_gmt":"2020-11-24T19:11:23","slug":"neue-regeln-bei-der-mathe-matura","status":"publish","type":"post","link":"https:\/\/wordpress.hak-steyr.at\/insight7\/2019\/04\/02\/neue-regeln-bei-der-mathe-matura\/","title":{"rendered":"Neue Regeln bei der Mathe-Matura"},"content":{"rendered":"<p>Wie man es in diversen Medien schon geh\u00f6rt hat, werden die Regeln zur Bewertung der Mathematik-Zentralmatura ge\u00e4ndert.<br \/>\nDie letzte Zentral Matura gingen laut Statistik vor allem im Fach Mathematik nicht gut aus. Die Sch\u00fcler und Sch\u00fclerinnen wurden dort mit dem bekannten 1-Punkt System benotet: erst wenn die Aufgabe komplett richtig gel\u00f6st wird, gibt es einen Punkt. Die Schwierigkeit der Aufgabe ist dabei komplett gleichg\u00fcltig. Dieses System scheint nicht zu fruchten und soll laut Bildungsminister Heinz Fa\u00dfmann wieder abgeschafft werden.<\/p>\n<p>\u00dcber 600 Sch\u00fclerInnen, LehrerInnen und Experten fanden \u00fcber 1800 Verbesserungsvorschl\u00e4ge zum jetzigen System.<br \/>\nDarunter fallen Vereinfachung der Texte f\u00fcr besseres Verst\u00e4ndnis, halbe Punkte bei Aufgaben die nur Teilweise gel\u00f6st wurden, ein individuelleres Einteilen der Teile Grundkompetenz und Anwendung. Auch soll das Beisein des jeweiligen Fachlehrers f\u00fcr die F\u00e4cher oder nicht zu strenges Bewerten der Aufgaben, den Sch\u00fclern und Sch\u00fclerinnen ein gutes Gef\u00fchl geben und die Matura ertr\u00e4glicher machen.<br \/>\nDabei sollte man anmerken, dass diese Ma\u00dfnahmen der besseren Verst\u00e4ndlichkeit und nicht der Vereinfachung der Zentralmatura vorliegen. Am 8. Mai soll dies in Kraft treten.<\/p>\n<figure id=\"attachment_7280\" aria-describedby=\"caption-attachment-7280\" style=\"width: 640px\" class=\"wp-caption alignnone\"><a href=\"http:\/\/wordpress.hak-steyr.at\/insight7\/wp-content\/uploads\/2019\/04\/MaturaBild.jpg\"><img loading=\"lazy\" decoding=\"async\" class=\"wp-image-7280 size-full\" src=\"http:\/\/wordpress.hak-steyr.at\/insight7\/wp-content\/uploads\/2019\/04\/MaturaBild.jpg\" alt=\"\" width=\"640\" height=\"290\" srcset=\"https:\/\/wordpress.hak-steyr.at\/insight7\/wp-content\/uploads\/2019\/04\/MaturaBild.jpg 640w, https:\/\/wordpress.hak-steyr.at\/insight7\/wp-content\/uploads\/2019\/04\/MaturaBild-300x136.jpg 300w\" sizes=\"auto, (max-width: 640px) 100vw, 640px\" \/><\/a><figcaption id=\"caption-attachment-7280\" class=\"wp-caption-text\">Quelle: Pixabay<\/figcaption><\/figure>\n<p>Wir bedanken uns f\u00fcr den Gastbeitrag von Niklas Wagner<\/p>\n<div class=\"pvc_clear\"><\/div>\n<p id=\"pvc_stats_7279\" class=\"pvc_stats total_only  \" data-element-id=\"7279\" style=\"\"><i class=\"pvc-stats-icon medium\" aria-hidden=\"true\"><svg aria-hidden=\"true\" focusable=\"false\" data-prefix=\"far\" data-icon=\"chart-bar\" role=\"img\" xmlns=\"http:\/\/www.w3.org\/2000\/svg\" viewBox=\"0 0 512 512\" class=\"svg-inline--fa fa-chart-bar fa-w-16 fa-2x\"><path fill=\"currentColor\" d=\"M396.8 352h22.4c6.4 0 12.8-6.4 12.8-12.8V108.8c0-6.4-6.4-12.8-12.8-12.8h-22.4c-6.4 0-12.8 6.4-12.8 12.8v230.4c0 6.4 6.4 12.8 12.8 12.8zm-192 0h22.4c6.4 0 12.8-6.4 12.8-12.8V140.8c0-6.4-6.4-12.8-12.8-12.8h-22.4c-6.4 0-12.8 6.4-12.8 12.8v198.4c0 6.4 6.4 12.8 12.8 12.8zm96 0h22.4c6.4 0 12.8-6.4 12.8-12.8V204.8c0-6.4-6.4-12.8-12.8-12.8h-22.4c-6.4 0-12.8 6.4-12.8 12.8v134.4c0 6.4 6.4 12.8 12.8 12.8zM496 400H48V80c0-8.84-7.16-16-16-16H16C7.16 64 0 71.16 0 80v336c0 17.67 14.33 32 32 32h464c8.84 0 16-7.16 16-16v-16c0-8.84-7.16-16-16-16zm-387.2-48h22.4c6.4 0 12.8-6.4 12.8-12.8v-70.4c0-6.4-6.4-12.8-12.8-12.8h-22.4c-6.4 0-12.8 6.4-12.8 12.8v70.4c0 6.4 6.4 12.8 12.8 12.8z\" class=\"\"><\/path><\/svg><\/i> <img loading=\"lazy\" decoding=\"async\" width=\"16\" height=\"16\" alt=\"Loading\" src=\"https:\/\/wordpress.hak-steyr.at\/insight7\/wp-content\/plugins\/page-views-count\/ajax-loader-2x.gif\" border=0 \/><\/p>\n<div class=\"pvc_clear\"><\/div>\n","protected":false},"excerpt":{"rendered":"<p>Wie man es in diversen Medien schon geh\u00f6rt hat, werden die Regeln zur Bewertung der Mathematik-Zentralmatura ge\u00e4ndert. Die letzte Zentral Matura gingen laut Statistik vor allem im Fach Mathematik nicht gut aus. Die Sch\u00fcler und Sch\u00fclerinnen wurden dort mit dem bekannten 1-Punkt System benotet: erst wenn die Aufgabe komplett richtig gel\u00f6st wird, gibt es einen [&hellip;]<\/p>\n","protected":false},"author":30,"featured_media":7280,"comment_status":"closed","ping_status":"closed","sticky":false,"template":"","format":"standard","meta":{"footnotes":""},"categories":[148],"tags":[],"class_list":["post-7279","post","type-post","status-publish","format-standard","has-post-thumbnail","hentry","category-campus"],"yoast_head":"<!-- This site is optimized with the Yoast SEO plugin v26.1.1 - https:\/\/yoast.com\/wordpress\/plugins\/seo\/ -->\n<title>Neue Regeln bei der Mathe-Matura - insight7<\/title>\n<meta name=\"robots\" content=\"index, follow, max-snippet:-1, max-image-preview:large, max-video-preview:-1\" \/>\n<link rel=\"canonical\" href=\"https:\/\/wordpress.hak-steyr.at\/insight7\/2019\/04\/02\/neue-regeln-bei-der-mathe-matura\/\" \/>\n<meta property=\"og:locale\" content=\"de_DE\" \/>\n<meta property=\"og:type\" content=\"article\" \/>\n<meta property=\"og:title\" content=\"Neue Regeln bei der Mathe-Matura - insight7\" \/>\n<meta property=\"og:description\" content=\"Wie man es in diversen Medien schon geh\u00f6rt hat, werden die Regeln zur Bewertung der Mathematik-Zentralmatura ge\u00e4ndert. Die letzte Zentral Matura gingen laut Statistik vor allem im Fach Mathematik nicht gut aus. Die Sch\u00fcler und Sch\u00fclerinnen wurden dort mit dem bekannten 1-Punkt System benotet: erst wenn die Aufgabe komplett richtig gel\u00f6st wird, gibt es einen [&hellip;]\" \/>\n<meta property=\"og:url\" content=\"https:\/\/wordpress.hak-steyr.at\/insight7\/2019\/04\/02\/neue-regeln-bei-der-mathe-matura\/\" \/>\n<meta property=\"og:site_name\" content=\"insight7\" \/>\n<meta property=\"article:published_time\" content=\"2019-04-02T06:31:35+00:00\" \/>\n<meta property=\"article:modified_time\" content=\"2020-11-24T19:11:23+00:00\" \/>\n<meta property=\"og:image\" content=\"https:\/\/wordpress.hak-steyr.at\/insight7\/wp-content\/uploads\/2019\/04\/MaturaBild.jpg\" \/>\n\t<meta property=\"og:image:width\" content=\"640\" \/>\n\t<meta property=\"og:image:height\" content=\"290\" \/>\n\t<meta property=\"og:image:type\" content=\"image\/jpeg\" \/>\n<meta name=\"author\" content=\"Redakteur.in Insight7\" \/>\n<meta name=\"twitter:card\" content=\"summary_large_image\" \/>\n<meta name=\"twitter:label1\" content=\"Verfasst von\" \/>\n\t<meta name=\"twitter:data1\" content=\"Redakteur.in Insight7\" \/>\n\t<meta name=\"twitter:label2\" content=\"Gesch\u00e4tzte Lesezeit\" \/>\n\t<meta name=\"twitter:data2\" content=\"1\u00a0Minute\" \/>\n<script type=\"application\/ld+json\" class=\"yoast-schema-graph\">{\"@context\":\"https:\/\/schema.org\",\"@graph\":[{\"@type\":\"Article\",\"@id\":\"https:\/\/wordpress.hak-steyr.at\/insight7\/2019\/04\/02\/neue-regeln-bei-der-mathe-matura\/#article\",\"isPartOf\":{\"@id\":\"https:\/\/wordpress.hak-steyr.at\/insight7\/2019\/04\/02\/neue-regeln-bei-der-mathe-matura\/\"},\"author\":{\"name\":\"Redakteur.in Insight7\",\"@id\":\"https:\/\/wordpress.hak-steyr.at\/insight7\/#\/schema\/person\/0a70a0a982d4f8b4a84fea55af6f09df\"},\"headline\":\"Neue Regeln bei der Mathe-Matura\",\"datePublished\":\"2019-04-02T06:31:35+00:00\",\"dateModified\":\"2020-11-24T19:11:23+00:00\",\"mainEntityOfPage\":{\"@id\":\"https:\/\/wordpress.hak-steyr.at\/insight7\/2019\/04\/02\/neue-regeln-bei-der-mathe-matura\/\"},\"wordCount\":213,\"publisher\":{\"@id\":\"https:\/\/wordpress.hak-steyr.at\/insight7\/#organization\"},\"image\":{\"@id\":\"https:\/\/wordpress.hak-steyr.at\/insight7\/2019\/04\/02\/neue-regeln-bei-der-mathe-matura\/#primaryimage\"},\"thumbnailUrl\":\"https:\/\/wordpress.hak-steyr.at\/insight7\/wp-content\/uploads\/2019\/04\/MaturaBild.jpg\",\"articleSection\":[\"Campus Life\"],\"inLanguage\":\"de\"},{\"@type\":\"WebPage\",\"@id\":\"https:\/\/wordpress.hak-steyr.at\/insight7\/2019\/04\/02\/neue-regeln-bei-der-mathe-matura\/\",\"url\":\"https:\/\/wordpress.hak-steyr.at\/insight7\/2019\/04\/02\/neue-regeln-bei-der-mathe-matura\/\",\"name\":\"Neue Regeln bei der Mathe-Matura - insight7\",\"isPartOf\":{\"@id\":\"https:\/\/wordpress.hak-steyr.at\/insight7\/#website\"},\"primaryImageOfPage\":{\"@id\":\"https:\/\/wordpress.hak-steyr.at\/insight7\/2019\/04\/02\/neue-regeln-bei-der-mathe-matura\/#primaryimage\"},\"image\":{\"@id\":\"https:\/\/wordpress.hak-steyr.at\/insight7\/2019\/04\/02\/neue-regeln-bei-der-mathe-matura\/#primaryimage\"},\"thumbnailUrl\":\"https:\/\/wordpress.hak-steyr.at\/insight7\/wp-content\/uploads\/2019\/04\/MaturaBild.jpg\",\"datePublished\":\"2019-04-02T06:31:35+00:00\",\"dateModified\":\"2020-11-24T19:11:23+00:00\",\"breadcrumb\":{\"@id\":\"https:\/\/wordpress.hak-steyr.at\/insight7\/2019\/04\/02\/neue-regeln-bei-der-mathe-matura\/#breadcrumb\"},\"inLanguage\":\"de\",\"potentialAction\":[{\"@type\":\"ReadAction\",\"target\":[\"https:\/\/wordpress.hak-steyr.at\/insight7\/2019\/04\/02\/neue-regeln-bei-der-mathe-matura\/\"]}]},{\"@type\":\"ImageObject\",\"inLanguage\":\"de\",\"@id\":\"https:\/\/wordpress.hak-steyr.at\/insight7\/2019\/04\/02\/neue-regeln-bei-der-mathe-matura\/#primaryimage\",\"url\":\"https:\/\/wordpress.hak-steyr.at\/insight7\/wp-content\/uploads\/2019\/04\/MaturaBild.jpg\",\"contentUrl\":\"https:\/\/wordpress.hak-steyr.at\/insight7\/wp-content\/uploads\/2019\/04\/MaturaBild.jpg\",\"width\":640,\"height\":290},{\"@type\":\"BreadcrumbList\",\"@id\":\"https:\/\/wordpress.hak-steyr.at\/insight7\/2019\/04\/02\/neue-regeln-bei-der-mathe-matura\/#breadcrumb\",\"itemListElement\":[{\"@type\":\"ListItem\",\"position\":1,\"name\":\"Startseite\",\"item\":\"https:\/\/wordpress.hak-steyr.at\/insight7\/\"},{\"@type\":\"ListItem\",\"position\":2,\"name\":\"Neue Regeln bei der Mathe-Matura\"}]},{\"@type\":\"WebSite\",\"@id\":\"https:\/\/wordpress.hak-steyr.at\/insight7\/#website\",\"url\":\"https:\/\/wordpress.hak-steyr.at\/insight7\/\",\"name\":\"insight7\",\"description\":\"Onlinesch\u00fclerzeitung der BHAK\/BHAS Steyr\",\"publisher\":{\"@id\":\"https:\/\/wordpress.hak-steyr.at\/insight7\/#organization\"},\"potentialAction\":[{\"@type\":\"SearchAction\",\"target\":{\"@type\":\"EntryPoint\",\"urlTemplate\":\"https:\/\/wordpress.hak-steyr.at\/insight7\/?s={search_term_string}\"},\"query-input\":{\"@type\":\"PropertyValueSpecification\",\"valueRequired\":true,\"valueName\":\"search_term_string\"}}],\"inLanguage\":\"de\"},{\"@type\":\"Organization\",\"@id\":\"https:\/\/wordpress.hak-steyr.at\/insight7\/#organization\",\"name\":\"Sch\u00fclerzeitung der HAK\/HAS Steyr\",\"url\":\"https:\/\/wordpress.hak-steyr.at\/insight7\/\",\"logo\":{\"@type\":\"ImageObject\",\"inLanguage\":\"de\",\"@id\":\"https:\/\/wordpress.hak-steyr.at\/insight7\/#\/schema\/logo\/image\/\",\"url\":\"https:\/\/wordpress.hak-steyr.at\/insight7\/wp-content\/uploads\/2025\/03\/Quadrat_HAKhoodie.jpg\",\"contentUrl\":\"https:\/\/wordpress.hak-steyr.at\/insight7\/wp-content\/uploads\/2025\/03\/Quadrat_HAKhoodie.jpg\",\"width\":1181,\"height\":1181,\"caption\":\"Sch\u00fclerzeitung der HAK\/HAS Steyr\"},\"image\":{\"@id\":\"https:\/\/wordpress.hak-steyr.at\/insight7\/#\/schema\/logo\/image\/\"}},{\"@type\":\"Person\",\"@id\":\"https:\/\/wordpress.hak-steyr.at\/insight7\/#\/schema\/person\/0a70a0a982d4f8b4a84fea55af6f09df\",\"name\":\"Redakteur.in Insight7\",\"url\":\"https:\/\/wordpress.hak-steyr.at\/insight7\/author\/redakteurin-insight7\/\"}]}<\/script>\n<!-- \/ Yoast SEO plugin. -->","yoast_head_json":{"title":"Neue Regeln bei der Mathe-Matura - insight7","robots":{"index":"index","follow":"follow","max-snippet":"max-snippet:-1","max-image-preview":"max-image-preview:large","max-video-preview":"max-video-preview:-1"},"canonical":"https:\/\/wordpress.hak-steyr.at\/insight7\/2019\/04\/02\/neue-regeln-bei-der-mathe-matura\/","og_locale":"de_DE","og_type":"article","og_title":"Neue Regeln bei der Mathe-Matura - insight7","og_description":"Wie man es in diversen Medien schon geh\u00f6rt hat, werden die Regeln zur Bewertung der Mathematik-Zentralmatura ge\u00e4ndert. Die letzte Zentral Matura gingen laut Statistik vor allem im Fach Mathematik nicht gut aus. Die Sch\u00fcler und Sch\u00fclerinnen wurden dort mit dem bekannten 1-Punkt System benotet: erst wenn die Aufgabe komplett richtig gel\u00f6st wird, gibt es einen [&hellip;]","og_url":"https:\/\/wordpress.hak-steyr.at\/insight7\/2019\/04\/02\/neue-regeln-bei-der-mathe-matura\/","og_site_name":"insight7","article_published_time":"2019-04-02T06:31:35+00:00","article_modified_time":"2020-11-24T19:11:23+00:00","og_image":[{"width":640,"height":290,"url":"https:\/\/wordpress.hak-steyr.at\/insight7\/wp-content\/uploads\/2019\/04\/MaturaBild.jpg","type":"image\/jpeg"}],"author":"Redakteur.in Insight7","twitter_card":"summary_large_image","twitter_misc":{"Verfasst von":"Redakteur.in Insight7","Gesch\u00e4tzte Lesezeit":"1\u00a0Minute"},"schema":{"@context":"https:\/\/schema.org","@graph":[{"@type":"Article","@id":"https:\/\/wordpress.hak-steyr.at\/insight7\/2019\/04\/02\/neue-regeln-bei-der-mathe-matura\/#article","isPartOf":{"@id":"https:\/\/wordpress.hak-steyr.at\/insight7\/2019\/04\/02\/neue-regeln-bei-der-mathe-matura\/"},"author":{"name":"Redakteur.in Insight7","@id":"https:\/\/wordpress.hak-steyr.at\/insight7\/#\/schema\/person\/0a70a0a982d4f8b4a84fea55af6f09df"},"headline":"Neue Regeln bei der Mathe-Matura","datePublished":"2019-04-02T06:31:35+00:00","dateModified":"2020-11-24T19:11:23+00:00","mainEntityOfPage":{"@id":"https:\/\/wordpress.hak-steyr.at\/insight7\/2019\/04\/02\/neue-regeln-bei-der-mathe-matura\/"},"wordCount":213,"publisher":{"@id":"https:\/\/wordpress.hak-steyr.at\/insight7\/#organization"},"image":{"@id":"https:\/\/wordpress.hak-steyr.at\/insight7\/2019\/04\/02\/neue-regeln-bei-der-mathe-matura\/#primaryimage"},"thumbnailUrl":"https:\/\/wordpress.hak-steyr.at\/insight7\/wp-content\/uploads\/2019\/04\/MaturaBild.jpg","articleSection":["Campus Life"],"inLanguage":"de"},{"@type":"WebPage","@id":"https:\/\/wordpress.hak-steyr.at\/insight7\/2019\/04\/02\/neue-regeln-bei-der-mathe-matura\/","url":"https:\/\/wordpress.hak-steyr.at\/insight7\/2019\/04\/02\/neue-regeln-bei-der-mathe-matura\/","name":"Neue Regeln bei der Mathe-Matura - insight7","isPartOf":{"@id":"https:\/\/wordpress.hak-steyr.at\/insight7\/#website"},"primaryImageOfPage":{"@id":"https:\/\/wordpress.hak-steyr.at\/insight7\/2019\/04\/02\/neue-regeln-bei-der-mathe-matura\/#primaryimage"},"image":{"@id":"https:\/\/wordpress.hak-steyr.at\/insight7\/2019\/04\/02\/neue-regeln-bei-der-mathe-matura\/#primaryimage"},"thumbnailUrl":"https:\/\/wordpress.hak-steyr.at\/insight7\/wp-content\/uploads\/2019\/04\/MaturaBild.jpg","datePublished":"2019-04-02T06:31:35+00:00","dateModified":"2020-11-24T19:11:23+00:00","breadcrumb":{"@id":"https:\/\/wordpress.hak-steyr.at\/insight7\/2019\/04\/02\/neue-regeln-bei-der-mathe-matura\/#breadcrumb"},"inLanguage":"de","potentialAction":[{"@type":"ReadAction","target":["https:\/\/wordpress.hak-steyr.at\/insight7\/2019\/04\/02\/neue-regeln-bei-der-mathe-matura\/"]}]},{"@type":"ImageObject","inLanguage":"de","@id":"https:\/\/wordpress.hak-steyr.at\/insight7\/2019\/04\/02\/neue-regeln-bei-der-mathe-matura\/#primaryimage","url":"https:\/\/wordpress.hak-steyr.at\/insight7\/wp-content\/uploads\/2019\/04\/MaturaBild.jpg","contentUrl":"https:\/\/wordpress.hak-steyr.at\/insight7\/wp-content\/uploads\/2019\/04\/MaturaBild.jpg","width":640,"height":290},{"@type":"BreadcrumbList","@id":"https:\/\/wordpress.hak-steyr.at\/insight7\/2019\/04\/02\/neue-regeln-bei-der-mathe-matura\/#breadcrumb","itemListElement":[{"@type":"ListItem","position":1,"name":"Startseite","item":"https:\/\/wordpress.hak-steyr.at\/insight7\/"},{"@type":"ListItem","position":2,"name":"Neue Regeln bei der Mathe-Matura"}]},{"@type":"WebSite","@id":"https:\/\/wordpress.hak-steyr.at\/insight7\/#website","url":"https:\/\/wordpress.hak-steyr.at\/insight7\/","name":"insight7","description":"Onlinesch\u00fclerzeitung der BHAK\/BHAS Steyr","publisher":{"@id":"https:\/\/wordpress.hak-steyr.at\/insight7\/#organization"},"potentialAction":[{"@type":"SearchAction","target":{"@type":"EntryPoint","urlTemplate":"https:\/\/wordpress.hak-steyr.at\/insight7\/?s={search_term_string}"},"query-input":{"@type":"PropertyValueSpecification","valueRequired":true,"valueName":"search_term_string"}}],"inLanguage":"de"},{"@type":"Organization","@id":"https:\/\/wordpress.hak-steyr.at\/insight7\/#organization","name":"Sch\u00fclerzeitung der HAK\/HAS Steyr","url":"https:\/\/wordpress.hak-steyr.at\/insight7\/","logo":{"@type":"ImageObject","inLanguage":"de","@id":"https:\/\/wordpress.hak-steyr.at\/insight7\/#\/schema\/logo\/image\/","url":"https:\/\/wordpress.hak-steyr.at\/insight7\/wp-content\/uploads\/2025\/03\/Quadrat_HAKhoodie.jpg","contentUrl":"https:\/\/wordpress.hak-steyr.at\/insight7\/wp-content\/uploads\/2025\/03\/Quadrat_HAKhoodie.jpg","width":1181,"height":1181,"caption":"Sch\u00fclerzeitung der HAK\/HAS Steyr"},"image":{"@id":"https:\/\/wordpress.hak-steyr.at\/insight7\/#\/schema\/logo\/image\/"}},{"@type":"Person","@id":"https:\/\/wordpress.hak-steyr.at\/insight7\/#\/schema\/person\/0a70a0a982d4f8b4a84fea55af6f09df","name":"Redakteur.in Insight7","url":"https:\/\/wordpress.hak-steyr.at\/insight7\/author\/redakteurin-insight7\/"}]}},"_links":{"self":[{"href":"https:\/\/wordpress.hak-steyr.at\/insight7\/wp-json\/wp\/v2\/posts\/7279","targetHints":{"allow":["GET"]}}],"collection":[{"href":"https:\/\/wordpress.hak-steyr.at\/insight7\/wp-json\/wp\/v2\/posts"}],"about":[{"href":"https:\/\/wordpress.hak-steyr.at\/insight7\/wp-json\/wp\/v2\/types\/post"}],"author":[{"embeddable":true,"href":"https:\/\/wordpress.hak-steyr.at\/insight7\/wp-json\/wp\/v2\/users\/30"}],"replies":[{"embeddable":true,"href":"https:\/\/wordpress.hak-steyr.at\/insight7\/wp-json\/wp\/v2\/comments?post=7279"}],"version-history":[{"count":2,"href":"https:\/\/wordpress.hak-steyr.at\/insight7\/wp-json\/wp\/v2\/posts\/7279\/revisions"}],"predecessor-version":[{"id":7283,"href":"https:\/\/wordpress.hak-steyr.at\/insight7\/wp-json\/wp\/v2\/posts\/7279\/revisions\/7283"}],"wp:featuredmedia":[{"embeddable":true,"href":"https:\/\/wordpress.hak-steyr.at\/insight7\/wp-json\/wp\/v2\/media\/7280"}],"wp:attachment":[{"href":"https:\/\/wordpress.hak-steyr.at\/insight7\/wp-json\/wp\/v2\/media?parent=7279"}],"wp:term":[{"taxonomy":"category","embeddable":true,"href":"https:\/\/wordpress.hak-steyr.at\/insight7\/wp-json\/wp\/v2\/categories?post=7279"},{"taxonomy":"post_tag","embeddable":true,"href":"https:\/\/wordpress.hak-steyr.at\/insight7\/wp-json\/wp\/v2\/tags?post=7279"}],"curies":[{"name":"wp","href":"https:\/\/api.w.org\/{rel}","templated":true}]}}