{"id":7671,"date":"2020-01-07T15:32:06","date_gmt":"2020-01-07T14:32:06","guid":{"rendered":"https:\/\/wordpress.hak-steyr.at\/insight7\/?p=7671"},"modified":"2020-11-24T16:40:17","modified_gmt":"2020-11-24T15:40:17","slug":"mein-auslandssemester-im-norden","status":"publish","type":"post","link":"https:\/\/wordpress.hak-steyr.at\/insight7\/2020\/01\/07\/mein-auslandssemester-im-norden\/","title":{"rendered":"Mein Auslandssemester im Norden"},"content":{"rendered":"\n<p>Ende September 2018 begann ich an der Fachhochschule in Steyr Internationales Logistikmanagement zu studieren. Aufgrund des Schulfaches Betriebswirtschaftslehre hatte ich zum Start bereits wichtiges Vorwissen. Da mich Logistik in der HAK schon sehr interessiert hat, war dieses Studium ideal f\u00fcr mich und ich habe meine Entscheidung absolut nicht bereut!<\/p>\n\n\n\n<p>Das wahrscheinlich Speziellste an meinem Studium ist ein verpflichtendes Auslandssemester, des ich zur Zeit absolviere. Die FH Steyr kooperiert mit vielen Universit\u00e4ten auf der ganzen Welt. Dadurch ist garantiert f\u00fcr jeden ein attraktives Ziel dabei. Meine Wahl fiel auf ein Land in Skandinavien; Schweden.<\/p>\n\n\n\n<p>Nat\u00fcrlich geh\u00f6rt zu Beginn ein gewisses Ma\u00df \u00dcberwindung dazu, denn mit dem Auslandssemester startet ein \u201eneuer Lebensabschnitt\u201c. Unter dem Strich ist es aber eine unvergessliche Zeit, die man erleben wird. Man schlie\u00dft neue Freundschaften ab, lernt eine neue Kultur kennen, und entwickelt sich pers\u00f6nlich weiter.<\/p>\n\n\n\n<figure class=\"wp-block-image\"><img loading=\"lazy\" decoding=\"async\" width=\"1024\" height=\"768\" src=\"https:\/\/wordpress.hak-steyr.at\/insight7\/wp-content\/uploads\/2020\/01\/Benedikt-Machreich-2-1024x768.jpg\" alt=\"\" class=\"wp-image-7711\" srcset=\"https:\/\/wordpress.hak-steyr.at\/insight7\/wp-content\/uploads\/2020\/01\/Benedikt-Machreich-2-1024x768.jpg 1024w, https:\/\/wordpress.hak-steyr.at\/insight7\/wp-content\/uploads\/2020\/01\/Benedikt-Machreich-2-300x225.jpg 300w, https:\/\/wordpress.hak-steyr.at\/insight7\/wp-content\/uploads\/2020\/01\/Benedikt-Machreich-2-768x576.jpg 768w\" sizes=\"auto, (max-width: 1024px) 100vw, 1024px\" \/><\/figure>\n\n\n\n<p>Mir gef\u00e4llt es hier im Norden. Die Universit\u00e4t ist im Vergleich zu Steyr riesig, extrem sch\u00f6n und neu. Die Menschen in Schweden sind alle sehr hilfsbereit und sorgen sich um dich. Auch die \u00c4lteren k\u00f6nnen einem immer weiterhelfen, wenn man Fragen hat, da fast jeder in Schweden Englisch spricht. Ich studiere in der Stadt \u00d6rebro. Sie ist zwar nicht die Gr\u00f6\u00dfte, aber es wird einem nie langweilig. Egal ob man zu einem Fu\u00dfball- oder Eishockeyspiel geht, man sich in einem Pub zusammensitzt oder am See grillt.<\/p>\n\n\n\n<figure class=\"wp-block-image\"><img loading=\"lazy\" decoding=\"async\" width=\"768\" height=\"1024\" src=\"https:\/\/wordpress.hak-steyr.at\/insight7\/wp-content\/uploads\/2020\/01\/Benedikt-Machreich-3-768x1024.jpg\" alt=\"\" class=\"wp-image-7712\" srcset=\"https:\/\/wordpress.hak-steyr.at\/insight7\/wp-content\/uploads\/2020\/01\/Benedikt-Machreich-3-768x1024.jpg 768w, https:\/\/wordpress.hak-steyr.at\/insight7\/wp-content\/uploads\/2020\/01\/Benedikt-Machreich-3-225x300.jpg 225w, https:\/\/wordpress.hak-steyr.at\/insight7\/wp-content\/uploads\/2020\/01\/Benedikt-Machreich-3.jpg 1200w\" sizes=\"auto, (max-width: 768px) 100vw, 768px\" \/><\/figure>\n\n\n\n<p>Was w\u00e4re ein Auslandssemester ohne Reisen? Nat\u00fcrlich muss man das Land genauer kennen lernen, wenn man schon einmal da ist. Neben Wochenendausfl\u00fcgen nach Stockholm war ich auch schon mit meinen Freunden in St. Petersburg, Helsinki, Tallin und in Lappland. Letzteres war f\u00fcr mich pers\u00f6nlich der sch\u00f6nste Ausflug. Die Schneeschuhwanderung, die Snowmobilefahrt, die Nordlichter und die Huskyschlittenfahrt durch die wei\u00dfen W\u00e4lder Schwedens werden mir ewig in Erinnerung bleiben. Die \u201eKunst\u201c bei einem Auslandssemester ist, bei allen Aktivit\u00e4ten und Events nicht auf das Studieren zu vergessen. Ich habe hier einige Kurse zu besuchen: International Management, Global Marketing, International Logistics and Supply Chain Management Alle vier sind\/waren sehr interessant. Das erleichtert das Lernen gleich um einiges.<\/p>\n\n\n\n<p>Abschlie\u00dfend m\u00f6chte ich noch erw\u00e4hnen, dass mir das Auslandssemester unheimlich viel Spa\u00df macht. Es ist fast schade, dass die Zeit hier so schnell vergeht. Ich kann es jedem empfehlen. Es ist eine unvergessliche Erfahrung, die mir keiner mehr nehmen kann. Au\u00dferdem lernt man die eine oder andere Personen kennen, mit der man gewiss f\u00fcr das restliche Leben befreundet sein wird.<\/p>\n<div class=\"pvc_clear\"><\/div><p id=\"pvc_stats_7671\" class=\"pvc_stats total_only  \" data-element-id=\"7671\" style=\"\"><i class=\"pvc-stats-icon medium\" aria-hidden=\"true\"><svg aria-hidden=\"true\" focusable=\"false\" data-prefix=\"far\" data-icon=\"chart-bar\" role=\"img\" xmlns=\"http:\/\/www.w3.org\/2000\/svg\" viewBox=\"0 0 512 512\" class=\"svg-inline--fa fa-chart-bar fa-w-16 fa-2x\"><path fill=\"currentColor\" d=\"M396.8 352h22.4c6.4 0 12.8-6.4 12.8-12.8V108.8c0-6.4-6.4-12.8-12.8-12.8h-22.4c-6.4 0-12.8 6.4-12.8 12.8v230.4c0 6.4 6.4 12.8 12.8 12.8zm-192 0h22.4c6.4 0 12.8-6.4 12.8-12.8V140.8c0-6.4-6.4-12.8-12.8-12.8h-22.4c-6.4 0-12.8 6.4-12.8 12.8v198.4c0 6.4 6.4 12.8 12.8 12.8zm96 0h22.4c6.4 0 12.8-6.4 12.8-12.8V204.8c0-6.4-6.4-12.8-12.8-12.8h-22.4c-6.4 0-12.8 6.4-12.8 12.8v134.4c0 6.4 6.4 12.8 12.8 12.8zM496 400H48V80c0-8.84-7.16-16-16-16H16C7.16 64 0 71.16 0 80v336c0 17.67 14.33 32 32 32h464c8.84 0 16-7.16 16-16v-16c0-8.84-7.16-16-16-16zm-387.2-48h22.4c6.4 0 12.8-6.4 12.8-12.8v-70.4c0-6.4-6.4-12.8-12.8-12.8h-22.4c-6.4 0-12.8 6.4-12.8 12.8v70.4c0 6.4 6.4 12.8 12.8 12.8z\" class=\"\"><\/path><\/svg><\/i> <img loading=\"lazy\" decoding=\"async\" width=\"16\" height=\"16\" alt=\"Loading\" src=\"https:\/\/wordpress.hak-steyr.at\/insight7\/wp-content\/plugins\/page-views-count\/ajax-loader-2x.gif\" border=0 \/><\/p><div class=\"pvc_clear\"><\/div>","protected":false},"excerpt":{"rendered":"<p>Ende September 2018 begann ich an der Fachhochschule in Steyr Internationales Logistikmanagement zu studieren. Aufgrund des Schulfaches Betriebswirtschaftslehre hatte ich zum Start bereits wichtiges Vorwissen. Da mich Logistik in der HAK schon sehr interessiert hat, war dieses Studium ideal f\u00fcr mich und ich habe meine Entscheidung absolut nicht bereut! Das wahrscheinlich Speziellste an meinem Studium [&hellip;]<\/p>\n","protected":false},"author":30,"featured_media":7713,"comment_status":"open","ping_status":"closed","sticky":false,"template":"","format":"standard","meta":{"footnotes":""},"categories":[24,153],"tags":[105,106],"class_list":["post-7671","post","type-post","status-publish","format-standard","has-post-thumbnail","hentry","category-personal","category-students","tag-auslandssemester","tag-fh-steyr"],"yoast_head":"<!-- This site is optimized with the Yoast SEO plugin v26.1.1 - https:\/\/yoast.com\/wordpress\/plugins\/seo\/ -->\n<title>Mein Auslandssemester im Norden - insight7<\/title>\n<meta name=\"robots\" content=\"index, follow, max-snippet:-1, max-image-preview:large, max-video-preview:-1\" \/>\n<link rel=\"canonical\" href=\"https:\/\/wordpress.hak-steyr.at\/insight7\/2020\/01\/07\/mein-auslandssemester-im-norden\/\" \/>\n<meta property=\"og:locale\" content=\"de_DE\" \/>\n<meta property=\"og:type\" content=\"article\" \/>\n<meta property=\"og:title\" content=\"Mein Auslandssemester im Norden - insight7\" \/>\n<meta property=\"og:description\" content=\"Ende September 2018 begann ich an der Fachhochschule in Steyr Internationales Logistikmanagement zu studieren. Aufgrund des Schulfaches Betriebswirtschaftslehre hatte ich zum Start bereits wichtiges Vorwissen. Da mich Logistik in der HAK schon sehr interessiert hat, war dieses Studium ideal f\u00fcr mich und ich habe meine Entscheidung absolut nicht bereut! Das wahrscheinlich Speziellste an meinem Studium [&hellip;]\" \/>\n<meta property=\"og:url\" content=\"https:\/\/wordpress.hak-steyr.at\/insight7\/2020\/01\/07\/mein-auslandssemester-im-norden\/\" \/>\n<meta property=\"og:site_name\" content=\"insight7\" \/>\n<meta property=\"article:published_time\" content=\"2020-01-07T14:32:06+00:00\" \/>\n<meta property=\"article:modified_time\" content=\"2020-11-24T15:40:17+00:00\" \/>\n<meta property=\"og:image\" content=\"https:\/\/wordpress.hak-steyr.at\/insight7\/wp-content\/uploads\/2020\/01\/Benedikt-Machreich.jpg\" \/>\n\t<meta property=\"og:image:width\" content=\"2048\" \/>\n\t<meta property=\"og:image:height\" content=\"1366\" \/>\n\t<meta property=\"og:image:type\" content=\"image\/jpeg\" \/>\n<meta name=\"author\" content=\"Redakteur.in Insight7\" \/>\n<meta name=\"twitter:card\" content=\"summary_large_image\" \/>\n<meta name=\"twitter:label1\" content=\"Verfasst von\" \/>\n\t<meta name=\"twitter:data1\" content=\"Redakteur.in Insight7\" \/>\n\t<meta name=\"twitter:label2\" content=\"Gesch\u00e4tzte Lesezeit\" \/>\n\t<meta name=\"twitter:data2\" content=\"2\u00a0Minuten\" \/>\n<script type=\"application\/ld+json\" class=\"yoast-schema-graph\">{\"@context\":\"https:\/\/schema.org\",\"@graph\":[{\"@type\":\"Article\",\"@id\":\"https:\/\/wordpress.hak-steyr.at\/insight7\/2020\/01\/07\/mein-auslandssemester-im-norden\/#article\",\"isPartOf\":{\"@id\":\"https:\/\/wordpress.hak-steyr.at\/insight7\/2020\/01\/07\/mein-auslandssemester-im-norden\/\"},\"author\":{\"name\":\"Redakteur.in Insight7\",\"@id\":\"https:\/\/wordpress.hak-steyr.at\/insight7\/#\/schema\/person\/0a70a0a982d4f8b4a84fea55af6f09df\"},\"headline\":\"Mein Auslandssemester im Norden\",\"datePublished\":\"2020-01-07T14:32:06+00:00\",\"dateModified\":\"2020-11-24T15:40:17+00:00\",\"mainEntityOfPage\":{\"@id\":\"https:\/\/wordpress.hak-steyr.at\/insight7\/2020\/01\/07\/mein-auslandssemester-im-norden\/\"},\"wordCount\":428,\"commentCount\":0,\"publisher\":{\"@id\":\"https:\/\/wordpress.hak-steyr.at\/insight7\/#organization\"},\"image\":{\"@id\":\"https:\/\/wordpress.hak-steyr.at\/insight7\/2020\/01\/07\/mein-auslandssemester-im-norden\/#primaryimage\"},\"thumbnailUrl\":\"https:\/\/wordpress.hak-steyr.at\/insight7\/wp-content\/uploads\/2020\/01\/Benedikt-Machreich.jpg\",\"keywords\":[\"Auslandssemester\",\"FH-Steyr\"],\"articleSection\":[\"Personalities\",\"Students\"],\"inLanguage\":\"de\",\"potentialAction\":[{\"@type\":\"CommentAction\",\"name\":\"Comment\",\"target\":[\"https:\/\/wordpress.hak-steyr.at\/insight7\/2020\/01\/07\/mein-auslandssemester-im-norden\/#respond\"]}]},{\"@type\":\"WebPage\",\"@id\":\"https:\/\/wordpress.hak-steyr.at\/insight7\/2020\/01\/07\/mein-auslandssemester-im-norden\/\",\"url\":\"https:\/\/wordpress.hak-steyr.at\/insight7\/2020\/01\/07\/mein-auslandssemester-im-norden\/\",\"name\":\"Mein Auslandssemester im Norden - insight7\",\"isPartOf\":{\"@id\":\"https:\/\/wordpress.hak-steyr.at\/insight7\/#website\"},\"primaryImageOfPage\":{\"@id\":\"https:\/\/wordpress.hak-steyr.at\/insight7\/2020\/01\/07\/mein-auslandssemester-im-norden\/#primaryimage\"},\"image\":{\"@id\":\"https:\/\/wordpress.hak-steyr.at\/insight7\/2020\/01\/07\/mein-auslandssemester-im-norden\/#primaryimage\"},\"thumbnailUrl\":\"https:\/\/wordpress.hak-steyr.at\/insight7\/wp-content\/uploads\/2020\/01\/Benedikt-Machreich.jpg\",\"datePublished\":\"2020-01-07T14:32:06+00:00\",\"dateModified\":\"2020-11-24T15:40:17+00:00\",\"breadcrumb\":{\"@id\":\"https:\/\/wordpress.hak-steyr.at\/insight7\/2020\/01\/07\/mein-auslandssemester-im-norden\/#breadcrumb\"},\"inLanguage\":\"de\",\"potentialAction\":[{\"@type\":\"ReadAction\",\"target\":[\"https:\/\/wordpress.hak-steyr.at\/insight7\/2020\/01\/07\/mein-auslandssemester-im-norden\/\"]}]},{\"@type\":\"ImageObject\",\"inLanguage\":\"de\",\"@id\":\"https:\/\/wordpress.hak-steyr.at\/insight7\/2020\/01\/07\/mein-auslandssemester-im-norden\/#primaryimage\",\"url\":\"https:\/\/wordpress.hak-steyr.at\/insight7\/wp-content\/uploads\/2020\/01\/Benedikt-Machreich.jpg\",\"contentUrl\":\"https:\/\/wordpress.hak-steyr.at\/insight7\/wp-content\/uploads\/2020\/01\/Benedikt-Machreich.jpg\",\"width\":2048,\"height\":1366},{\"@type\":\"BreadcrumbList\",\"@id\":\"https:\/\/wordpress.hak-steyr.at\/insight7\/2020\/01\/07\/mein-auslandssemester-im-norden\/#breadcrumb\",\"itemListElement\":[{\"@type\":\"ListItem\",\"position\":1,\"name\":\"Startseite\",\"item\":\"https:\/\/wordpress.hak-steyr.at\/insight7\/\"},{\"@type\":\"ListItem\",\"position\":2,\"name\":\"Mein Auslandssemester im Norden\"}]},{\"@type\":\"WebSite\",\"@id\":\"https:\/\/wordpress.hak-steyr.at\/insight7\/#website\",\"url\":\"https:\/\/wordpress.hak-steyr.at\/insight7\/\",\"name\":\"insight7\",\"description\":\"Onlinesch\u00fclerzeitung der BHAK\/BHAS Steyr\",\"publisher\":{\"@id\":\"https:\/\/wordpress.hak-steyr.at\/insight7\/#organization\"},\"potentialAction\":[{\"@type\":\"SearchAction\",\"target\":{\"@type\":\"EntryPoint\",\"urlTemplate\":\"https:\/\/wordpress.hak-steyr.at\/insight7\/?s={search_term_string}\"},\"query-input\":{\"@type\":\"PropertyValueSpecification\",\"valueRequired\":true,\"valueName\":\"search_term_string\"}}],\"inLanguage\":\"de\"},{\"@type\":\"Organization\",\"@id\":\"https:\/\/wordpress.hak-steyr.at\/insight7\/#organization\",\"name\":\"Sch\u00fclerzeitung der HAK\/HAS Steyr\",\"url\":\"https:\/\/wordpress.hak-steyr.at\/insight7\/\",\"logo\":{\"@type\":\"ImageObject\",\"inLanguage\":\"de\",\"@id\":\"https:\/\/wordpress.hak-steyr.at\/insight7\/#\/schema\/logo\/image\/\",\"url\":\"https:\/\/wordpress.hak-steyr.at\/insight7\/wp-content\/uploads\/2025\/03\/Quadrat_HAKhoodie.jpg\",\"contentUrl\":\"https:\/\/wordpress.hak-steyr.at\/insight7\/wp-content\/uploads\/2025\/03\/Quadrat_HAKhoodie.jpg\",\"width\":1181,\"height\":1181,\"caption\":\"Sch\u00fclerzeitung der HAK\/HAS Steyr\"},\"image\":{\"@id\":\"https:\/\/wordpress.hak-steyr.at\/insight7\/#\/schema\/logo\/image\/\"}},{\"@type\":\"Person\",\"@id\":\"https:\/\/wordpress.hak-steyr.at\/insight7\/#\/schema\/person\/0a70a0a982d4f8b4a84fea55af6f09df\",\"name\":\"Redakteur.in Insight7\",\"url\":\"https:\/\/wordpress.hak-steyr.at\/insight7\/author\/redakteurin-insight7\/\"}]}<\/script>\n<!-- \/ Yoast SEO plugin. -->","yoast_head_json":{"title":"Mein Auslandssemester im Norden - insight7","robots":{"index":"index","follow":"follow","max-snippet":"max-snippet:-1","max-image-preview":"max-image-preview:large","max-video-preview":"max-video-preview:-1"},"canonical":"https:\/\/wordpress.hak-steyr.at\/insight7\/2020\/01\/07\/mein-auslandssemester-im-norden\/","og_locale":"de_DE","og_type":"article","og_title":"Mein Auslandssemester im Norden - insight7","og_description":"Ende September 2018 begann ich an der Fachhochschule in Steyr Internationales Logistikmanagement zu studieren. Aufgrund des Schulfaches Betriebswirtschaftslehre hatte ich zum Start bereits wichtiges Vorwissen. Da mich Logistik in der HAK schon sehr interessiert hat, war dieses Studium ideal f\u00fcr mich und ich habe meine Entscheidung absolut nicht bereut! Das wahrscheinlich Speziellste an meinem Studium [&hellip;]","og_url":"https:\/\/wordpress.hak-steyr.at\/insight7\/2020\/01\/07\/mein-auslandssemester-im-norden\/","og_site_name":"insight7","article_published_time":"2020-01-07T14:32:06+00:00","article_modified_time":"2020-11-24T15:40:17+00:00","og_image":[{"width":2048,"height":1366,"url":"https:\/\/wordpress.hak-steyr.at\/insight7\/wp-content\/uploads\/2020\/01\/Benedikt-Machreich.jpg","type":"image\/jpeg"}],"author":"Redakteur.in Insight7","twitter_card":"summary_large_image","twitter_misc":{"Verfasst von":"Redakteur.in Insight7","Gesch\u00e4tzte Lesezeit":"2\u00a0Minuten"},"schema":{"@context":"https:\/\/schema.org","@graph":[{"@type":"Article","@id":"https:\/\/wordpress.hak-steyr.at\/insight7\/2020\/01\/07\/mein-auslandssemester-im-norden\/#article","isPartOf":{"@id":"https:\/\/wordpress.hak-steyr.at\/insight7\/2020\/01\/07\/mein-auslandssemester-im-norden\/"},"author":{"name":"Redakteur.in Insight7","@id":"https:\/\/wordpress.hak-steyr.at\/insight7\/#\/schema\/person\/0a70a0a982d4f8b4a84fea55af6f09df"},"headline":"Mein Auslandssemester im Norden","datePublished":"2020-01-07T14:32:06+00:00","dateModified":"2020-11-24T15:40:17+00:00","mainEntityOfPage":{"@id":"https:\/\/wordpress.hak-steyr.at\/insight7\/2020\/01\/07\/mein-auslandssemester-im-norden\/"},"wordCount":428,"commentCount":0,"publisher":{"@id":"https:\/\/wordpress.hak-steyr.at\/insight7\/#organization"},"image":{"@id":"https:\/\/wordpress.hak-steyr.at\/insight7\/2020\/01\/07\/mein-auslandssemester-im-norden\/#primaryimage"},"thumbnailUrl":"https:\/\/wordpress.hak-steyr.at\/insight7\/wp-content\/uploads\/2020\/01\/Benedikt-Machreich.jpg","keywords":["Auslandssemester","FH-Steyr"],"articleSection":["Personalities","Students"],"inLanguage":"de","potentialAction":[{"@type":"CommentAction","name":"Comment","target":["https:\/\/wordpress.hak-steyr.at\/insight7\/2020\/01\/07\/mein-auslandssemester-im-norden\/#respond"]}]},{"@type":"WebPage","@id":"https:\/\/wordpress.hak-steyr.at\/insight7\/2020\/01\/07\/mein-auslandssemester-im-norden\/","url":"https:\/\/wordpress.hak-steyr.at\/insight7\/2020\/01\/07\/mein-auslandssemester-im-norden\/","name":"Mein Auslandssemester im Norden - insight7","isPartOf":{"@id":"https:\/\/wordpress.hak-steyr.at\/insight7\/#website"},"primaryImageOfPage":{"@id":"https:\/\/wordpress.hak-steyr.at\/insight7\/2020\/01\/07\/mein-auslandssemester-im-norden\/#primaryimage"},"image":{"@id":"https:\/\/wordpress.hak-steyr.at\/insight7\/2020\/01\/07\/mein-auslandssemester-im-norden\/#primaryimage"},"thumbnailUrl":"https:\/\/wordpress.hak-steyr.at\/insight7\/wp-content\/uploads\/2020\/01\/Benedikt-Machreich.jpg","datePublished":"2020-01-07T14:32:06+00:00","dateModified":"2020-11-24T15:40:17+00:00","breadcrumb":{"@id":"https:\/\/wordpress.hak-steyr.at\/insight7\/2020\/01\/07\/mein-auslandssemester-im-norden\/#breadcrumb"},"inLanguage":"de","potentialAction":[{"@type":"ReadAction","target":["https:\/\/wordpress.hak-steyr.at\/insight7\/2020\/01\/07\/mein-auslandssemester-im-norden\/"]}]},{"@type":"ImageObject","inLanguage":"de","@id":"https:\/\/wordpress.hak-steyr.at\/insight7\/2020\/01\/07\/mein-auslandssemester-im-norden\/#primaryimage","url":"https:\/\/wordpress.hak-steyr.at\/insight7\/wp-content\/uploads\/2020\/01\/Benedikt-Machreich.jpg","contentUrl":"https:\/\/wordpress.hak-steyr.at\/insight7\/wp-content\/uploads\/2020\/01\/Benedikt-Machreich.jpg","width":2048,"height":1366},{"@type":"BreadcrumbList","@id":"https:\/\/wordpress.hak-steyr.at\/insight7\/2020\/01\/07\/mein-auslandssemester-im-norden\/#breadcrumb","itemListElement":[{"@type":"ListItem","position":1,"name":"Startseite","item":"https:\/\/wordpress.hak-steyr.at\/insight7\/"},{"@type":"ListItem","position":2,"name":"Mein Auslandssemester im Norden"}]},{"@type":"WebSite","@id":"https:\/\/wordpress.hak-steyr.at\/insight7\/#website","url":"https:\/\/wordpress.hak-steyr.at\/insight7\/","name":"insight7","description":"Onlinesch\u00fclerzeitung der BHAK\/BHAS Steyr","publisher":{"@id":"https:\/\/wordpress.hak-steyr.at\/insight7\/#organization"},"potentialAction":[{"@type":"SearchAction","target":{"@type":"EntryPoint","urlTemplate":"https:\/\/wordpress.hak-steyr.at\/insight7\/?s={search_term_string}"},"query-input":{"@type":"PropertyValueSpecification","valueRequired":true,"valueName":"search_term_string"}}],"inLanguage":"de"},{"@type":"Organization","@id":"https:\/\/wordpress.hak-steyr.at\/insight7\/#organization","name":"Sch\u00fclerzeitung der HAK\/HAS Steyr","url":"https:\/\/wordpress.hak-steyr.at\/insight7\/","logo":{"@type":"ImageObject","inLanguage":"de","@id":"https:\/\/wordpress.hak-steyr.at\/insight7\/#\/schema\/logo\/image\/","url":"https:\/\/wordpress.hak-steyr.at\/insight7\/wp-content\/uploads\/2025\/03\/Quadrat_HAKhoodie.jpg","contentUrl":"https:\/\/wordpress.hak-steyr.at\/insight7\/wp-content\/uploads\/2025\/03\/Quadrat_HAKhoodie.jpg","width":1181,"height":1181,"caption":"Sch\u00fclerzeitung der HAK\/HAS Steyr"},"image":{"@id":"https:\/\/wordpress.hak-steyr.at\/insight7\/#\/schema\/logo\/image\/"}},{"@type":"Person","@id":"https:\/\/wordpress.hak-steyr.at\/insight7\/#\/schema\/person\/0a70a0a982d4f8b4a84fea55af6f09df","name":"Redakteur.in Insight7","url":"https:\/\/wordpress.hak-steyr.at\/insight7\/author\/redakteurin-insight7\/"}]}},"_links":{"self":[{"href":"https:\/\/wordpress.hak-steyr.at\/insight7\/wp-json\/wp\/v2\/posts\/7671","targetHints":{"allow":["GET"]}}],"collection":[{"href":"https:\/\/wordpress.hak-steyr.at\/insight7\/wp-json\/wp\/v2\/posts"}],"about":[{"href":"https:\/\/wordpress.hak-steyr.at\/insight7\/wp-json\/wp\/v2\/types\/post"}],"author":[{"embeddable":true,"href":"https:\/\/wordpress.hak-steyr.at\/insight7\/wp-json\/wp\/v2\/users\/30"}],"replies":[{"embeddable":true,"href":"https:\/\/wordpress.hak-steyr.at\/insight7\/wp-json\/wp\/v2\/comments?post=7671"}],"version-history":[{"count":2,"href":"https:\/\/wordpress.hak-steyr.at\/insight7\/wp-json\/wp\/v2\/posts\/7671\/revisions"}],"predecessor-version":[{"id":7716,"href":"https:\/\/wordpress.hak-steyr.at\/insight7\/wp-json\/wp\/v2\/posts\/7671\/revisions\/7716"}],"wp:featuredmedia":[{"embeddable":true,"href":"https:\/\/wordpress.hak-steyr.at\/insight7\/wp-json\/wp\/v2\/media\/7713"}],"wp:attachment":[{"href":"https:\/\/wordpress.hak-steyr.at\/insight7\/wp-json\/wp\/v2\/media?parent=7671"}],"wp:term":[{"taxonomy":"category","embeddable":true,"href":"https:\/\/wordpress.hak-steyr.at\/insight7\/wp-json\/wp\/v2\/categories?post=7671"},{"taxonomy":"post_tag","embeddable":true,"href":"https:\/\/wordpress.hak-steyr.at\/insight7\/wp-json\/wp\/v2\/tags?post=7671"}],"curies":[{"name":"wp","href":"https:\/\/api.w.org\/{rel}","templated":true}]}}