{"id":8259,"date":"2020-11-20T18:30:05","date_gmt":"2020-11-20T17:30:05","guid":{"rendered":"https:\/\/wordpress.hak-steyr.at\/insight7\/?p=8259"},"modified":"2020-11-24T16:43:36","modified_gmt":"2020-11-24T15:43:36","slug":"corona-lockdown-der-zweite-what-to-do","status":"publish","type":"post","link":"https:\/\/wordpress.hak-steyr.at\/insight7\/2020\/11\/20\/corona-lockdown-der-zweite-what-to-do\/","title":{"rendered":"Corona-LOCKDOWN der Zweite &#8211; What to do?"},"content":{"rendered":"\n<p>Ausgangssperren, Distance Learning und nicht zuletzt ein Gesundheitssystem, dem seine Kapazit\u00e4tsgrenze vor Augen gef\u00fchrt wird. -Infolge der in den vergangenen Wochen stark ansteigenden Corona-Fallzahlen trat in \u00d6sterreich am 18.11.2020 ein erneuter &#8222;harter&#8220; Lockdown in Kraft. Die gesamte Bev\u00f6lkerung unseres Landes ist aufgerufen zuhause zu bleiben, soziale Kontakte auf ein Minimum zu reduzieren und das Haus nur aus wenigen Gr\u00fcnden zu verlassen.<\/p>\n\n\n\n<figure class=\"wp-block-image size-large\"><img loading=\"lazy\" decoding=\"async\" width=\"1024\" height=\"758\" src=\"https:\/\/wordpress.hak-steyr.at\/insight7\/wp-content\/uploads\/2020\/11\/Bild-19.11.20-um-16.44-1024x758.jpeg\" alt=\"\" class=\"wp-image-8279\" srcset=\"https:\/\/wordpress.hak-steyr.at\/insight7\/wp-content\/uploads\/2020\/11\/Bild-19.11.20-um-16.44-1024x758.jpeg 1024w, https:\/\/wordpress.hak-steyr.at\/insight7\/wp-content\/uploads\/2020\/11\/Bild-19.11.20-um-16.44-300x222.jpeg 300w, https:\/\/wordpress.hak-steyr.at\/insight7\/wp-content\/uploads\/2020\/11\/Bild-19.11.20-um-16.44-768x569.jpeg 768w, https:\/\/wordpress.hak-steyr.at\/insight7\/wp-content\/uploads\/2020\/11\/Bild-19.11.20-um-16.44-81x60.jpeg 81w, https:\/\/wordpress.hak-steyr.at\/insight7\/wp-content\/uploads\/2020\/11\/Bild-19.11.20-um-16.44.jpeg 1195w\" sizes=\"auto, (max-width: 1024px) 100vw, 1024px\" \/><figcaption><em>Laptop, Tablet, Handy und PC sind in diesen Tagen die Voraussetzung, um am Unterricht teilnehmen zu k\u00f6nnen.<\/em><\/figcaption><\/figure>\n\n\n\n<p>Durch diesen aktuellen &#8222;harten&#8220; Lockdown befinden sich alle Sch\u00fclerinnen und Sch\u00fcler \u00f6sterreichweit wieder im Prozess des Homeschoolings &#8211; so auch die Sch\u00fclerinnen und Sch\u00fcler der HAK-Steyr. -Aus diesem Grund haben wir, das Team der Online-Sch\u00fclerzeitung, uns dazu entschieden diese neue Rubrik unter dem Namen &#8222;Corona-LOCKDOWN&#8220; der Zweite &#8211; What to do?&#8220; einzuf\u00fchren. In dieser Rubrik werden wir w\u00e4hrend dem Lockdown einmal w\u00f6chentlich einen &#8222;Aktivit\u00e4tstipp&#8220; f\u00fcr diese Zeit des Lockdowns mit euch teilen. <\/p>\n\n\n\n<p>Seid gespannt, die erste &#8222;What to do?-Idee&#8220; von uns kommt bereits am Beginn der n\u00e4chsten Woche! <\/p>\n<div class=\"pvc_clear\"><\/div><p id=\"pvc_stats_8259\" class=\"pvc_stats total_only  \" data-element-id=\"8259\" style=\"\"><i class=\"pvc-stats-icon medium\" aria-hidden=\"true\"><svg aria-hidden=\"true\" focusable=\"false\" data-prefix=\"far\" data-icon=\"chart-bar\" role=\"img\" xmlns=\"http:\/\/www.w3.org\/2000\/svg\" viewBox=\"0 0 512 512\" class=\"svg-inline--fa fa-chart-bar fa-w-16 fa-2x\"><path fill=\"currentColor\" d=\"M396.8 352h22.4c6.4 0 12.8-6.4 12.8-12.8V108.8c0-6.4-6.4-12.8-12.8-12.8h-22.4c-6.4 0-12.8 6.4-12.8 12.8v230.4c0 6.4 6.4 12.8 12.8 12.8zm-192 0h22.4c6.4 0 12.8-6.4 12.8-12.8V140.8c0-6.4-6.4-12.8-12.8-12.8h-22.4c-6.4 0-12.8 6.4-12.8 12.8v198.4c0 6.4 6.4 12.8 12.8 12.8zm96 0h22.4c6.4 0 12.8-6.4 12.8-12.8V204.8c0-6.4-6.4-12.8-12.8-12.8h-22.4c-6.4 0-12.8 6.4-12.8 12.8v134.4c0 6.4 6.4 12.8 12.8 12.8zM496 400H48V80c0-8.84-7.16-16-16-16H16C7.16 64 0 71.16 0 80v336c0 17.67 14.33 32 32 32h464c8.84 0 16-7.16 16-16v-16c0-8.84-7.16-16-16-16zm-387.2-48h22.4c6.4 0 12.8-6.4 12.8-12.8v-70.4c0-6.4-6.4-12.8-12.8-12.8h-22.4c-6.4 0-12.8 6.4-12.8 12.8v70.4c0 6.4 6.4 12.8 12.8 12.8z\" class=\"\"><\/path><\/svg><\/i> <img loading=\"lazy\" decoding=\"async\" width=\"16\" height=\"16\" alt=\"Loading\" src=\"https:\/\/wordpress.hak-steyr.at\/insight7\/wp-content\/plugins\/page-views-count\/ajax-loader-2x.gif\" border=0 \/><\/p><div class=\"pvc_clear\"><\/div>","protected":false},"excerpt":{"rendered":"<p>Ausgangssperren, Distance Learning und nicht zuletzt ein Gesundheitssystem, dem seine Kapazit\u00e4tsgrenze vor Augen gef\u00fchrt wird. -Infolge der in den vergangenen Wochen stark ansteigenden Corona-Fallzahlen trat in \u00d6sterreich am 18.11.2020 ein erneuter &#8222;harter&#8220; Lockdown in Kraft. Die gesamte Bev\u00f6lkerung unseres Landes ist aufgerufen zuhause zu bleiben, soziale Kontakte auf ein Minimum zu reduzieren und das Haus [&hellip;]<\/p>\n","protected":false},"author":30,"featured_media":8285,"comment_status":"closed","ping_status":"closed","sticky":false,"template":"","format":"standard","meta":{"footnotes":""},"categories":[20],"tags":[],"class_list":["post-8259","post","type-post","status-publish","format-standard","has-post-thumbnail","hentry","category-leisure"],"yoast_head":"<!-- This site is optimized with the Yoast SEO plugin v26.1.1 - https:\/\/yoast.com\/wordpress\/plugins\/seo\/ -->\n<title>Corona-LOCKDOWN der Zweite - What to do? - insight7<\/title>\n<meta name=\"robots\" content=\"index, follow, max-snippet:-1, max-image-preview:large, max-video-preview:-1\" \/>\n<link rel=\"canonical\" href=\"https:\/\/wordpress.hak-steyr.at\/insight7\/2020\/11\/20\/corona-lockdown-der-zweite-what-to-do\/\" \/>\n<meta property=\"og:locale\" content=\"de_DE\" \/>\n<meta property=\"og:type\" content=\"article\" \/>\n<meta property=\"og:title\" content=\"Corona-LOCKDOWN der Zweite - What to do? - insight7\" \/>\n<meta property=\"og:description\" content=\"Ausgangssperren, Distance Learning und nicht zuletzt ein Gesundheitssystem, dem seine Kapazit\u00e4tsgrenze vor Augen gef\u00fchrt wird. -Infolge der in den vergangenen Wochen stark ansteigenden Corona-Fallzahlen trat in \u00d6sterreich am 18.11.2020 ein erneuter &#8222;harter&#8220; Lockdown in Kraft. Die gesamte Bev\u00f6lkerung unseres Landes ist aufgerufen zuhause zu bleiben, soziale Kontakte auf ein Minimum zu reduzieren und das Haus [&hellip;]\" \/>\n<meta property=\"og:url\" content=\"https:\/\/wordpress.hak-steyr.at\/insight7\/2020\/11\/20\/corona-lockdown-der-zweite-what-to-do\/\" \/>\n<meta property=\"og:site_name\" content=\"insight7\" \/>\n<meta property=\"article:published_time\" content=\"2020-11-20T17:30:05+00:00\" \/>\n<meta property=\"article:modified_time\" content=\"2020-11-24T15:43:36+00:00\" \/>\n<meta property=\"og:image\" content=\"https:\/\/wordpress.hak-steyr.at\/insight7\/wp-content\/uploads\/2020\/11\/PHOTO-2020-11-19-23-52-07.jpg\" \/>\n\t<meta property=\"og:image:width\" content=\"1600\" \/>\n\t<meta property=\"og:image:height\" content=\"588\" \/>\n\t<meta property=\"og:image:type\" content=\"image\/jpeg\" \/>\n<meta name=\"author\" content=\"Redakteur.in Insight7\" \/>\n<meta name=\"twitter:card\" content=\"summary_large_image\" \/>\n<meta name=\"twitter:label1\" content=\"Verfasst von\" \/>\n\t<meta name=\"twitter:data1\" content=\"Redakteur.in Insight7\" \/>\n\t<meta name=\"twitter:label2\" content=\"Gesch\u00e4tzte Lesezeit\" \/>\n\t<meta name=\"twitter:data2\" content=\"1\u00a0Minute\" \/>\n<script type=\"application\/ld+json\" class=\"yoast-schema-graph\">{\"@context\":\"https:\/\/schema.org\",\"@graph\":[{\"@type\":\"Article\",\"@id\":\"https:\/\/wordpress.hak-steyr.at\/insight7\/2020\/11\/20\/corona-lockdown-der-zweite-what-to-do\/#article\",\"isPartOf\":{\"@id\":\"https:\/\/wordpress.hak-steyr.at\/insight7\/2020\/11\/20\/corona-lockdown-der-zweite-what-to-do\/\"},\"author\":{\"name\":\"Redakteur.in Insight7\",\"@id\":\"https:\/\/wordpress.hak-steyr.at\/insight7\/#\/schema\/person\/0a70a0a982d4f8b4a84fea55af6f09df\"},\"headline\":\"Corona-LOCKDOWN der Zweite &#8211; What to do?\",\"datePublished\":\"2020-11-20T17:30:05+00:00\",\"dateModified\":\"2020-11-24T15:43:36+00:00\",\"mainEntityOfPage\":{\"@id\":\"https:\/\/wordpress.hak-steyr.at\/insight7\/2020\/11\/20\/corona-lockdown-der-zweite-what-to-do\/\"},\"wordCount\":189,\"publisher\":{\"@id\":\"https:\/\/wordpress.hak-steyr.at\/insight7\/#organization\"},\"image\":{\"@id\":\"https:\/\/wordpress.hak-steyr.at\/insight7\/2020\/11\/20\/corona-lockdown-der-zweite-what-to-do\/#primaryimage\"},\"thumbnailUrl\":\"https:\/\/wordpress.hak-steyr.at\/insight7\/wp-content\/uploads\/2020\/11\/PHOTO-2020-11-19-23-52-07.jpg\",\"articleSection\":[\"Leisure\"],\"inLanguage\":\"de\"},{\"@type\":\"WebPage\",\"@id\":\"https:\/\/wordpress.hak-steyr.at\/insight7\/2020\/11\/20\/corona-lockdown-der-zweite-what-to-do\/\",\"url\":\"https:\/\/wordpress.hak-steyr.at\/insight7\/2020\/11\/20\/corona-lockdown-der-zweite-what-to-do\/\",\"name\":\"Corona-LOCKDOWN der Zweite - What to do? - insight7\",\"isPartOf\":{\"@id\":\"https:\/\/wordpress.hak-steyr.at\/insight7\/#website\"},\"primaryImageOfPage\":{\"@id\":\"https:\/\/wordpress.hak-steyr.at\/insight7\/2020\/11\/20\/corona-lockdown-der-zweite-what-to-do\/#primaryimage\"},\"image\":{\"@id\":\"https:\/\/wordpress.hak-steyr.at\/insight7\/2020\/11\/20\/corona-lockdown-der-zweite-what-to-do\/#primaryimage\"},\"thumbnailUrl\":\"https:\/\/wordpress.hak-steyr.at\/insight7\/wp-content\/uploads\/2020\/11\/PHOTO-2020-11-19-23-52-07.jpg\",\"datePublished\":\"2020-11-20T17:30:05+00:00\",\"dateModified\":\"2020-11-24T15:43:36+00:00\",\"breadcrumb\":{\"@id\":\"https:\/\/wordpress.hak-steyr.at\/insight7\/2020\/11\/20\/corona-lockdown-der-zweite-what-to-do\/#breadcrumb\"},\"inLanguage\":\"de\",\"potentialAction\":[{\"@type\":\"ReadAction\",\"target\":[\"https:\/\/wordpress.hak-steyr.at\/insight7\/2020\/11\/20\/corona-lockdown-der-zweite-what-to-do\/\"]}]},{\"@type\":\"ImageObject\",\"inLanguage\":\"de\",\"@id\":\"https:\/\/wordpress.hak-steyr.at\/insight7\/2020\/11\/20\/corona-lockdown-der-zweite-what-to-do\/#primaryimage\",\"url\":\"https:\/\/wordpress.hak-steyr.at\/insight7\/wp-content\/uploads\/2020\/11\/PHOTO-2020-11-19-23-52-07.jpg\",\"contentUrl\":\"https:\/\/wordpress.hak-steyr.at\/insight7\/wp-content\/uploads\/2020\/11\/PHOTO-2020-11-19-23-52-07.jpg\",\"width\":1600,\"height\":588},{\"@type\":\"BreadcrumbList\",\"@id\":\"https:\/\/wordpress.hak-steyr.at\/insight7\/2020\/11\/20\/corona-lockdown-der-zweite-what-to-do\/#breadcrumb\",\"itemListElement\":[{\"@type\":\"ListItem\",\"position\":1,\"name\":\"Startseite\",\"item\":\"https:\/\/wordpress.hak-steyr.at\/insight7\/\"},{\"@type\":\"ListItem\",\"position\":2,\"name\":\"Corona-LOCKDOWN der Zweite &#8211; What to do?\"}]},{\"@type\":\"WebSite\",\"@id\":\"https:\/\/wordpress.hak-steyr.at\/insight7\/#website\",\"url\":\"https:\/\/wordpress.hak-steyr.at\/insight7\/\",\"name\":\"insight7\",\"description\":\"Onlinesch\u00fclerzeitung der BHAK\/BHAS Steyr\",\"publisher\":{\"@id\":\"https:\/\/wordpress.hak-steyr.at\/insight7\/#organization\"},\"potentialAction\":[{\"@type\":\"SearchAction\",\"target\":{\"@type\":\"EntryPoint\",\"urlTemplate\":\"https:\/\/wordpress.hak-steyr.at\/insight7\/?s={search_term_string}\"},\"query-input\":{\"@type\":\"PropertyValueSpecification\",\"valueRequired\":true,\"valueName\":\"search_term_string\"}}],\"inLanguage\":\"de\"},{\"@type\":\"Organization\",\"@id\":\"https:\/\/wordpress.hak-steyr.at\/insight7\/#organization\",\"name\":\"Sch\u00fclerzeitung der HAK\/HAS Steyr\",\"url\":\"https:\/\/wordpress.hak-steyr.at\/insight7\/\",\"logo\":{\"@type\":\"ImageObject\",\"inLanguage\":\"de\",\"@id\":\"https:\/\/wordpress.hak-steyr.at\/insight7\/#\/schema\/logo\/image\/\",\"url\":\"https:\/\/wordpress.hak-steyr.at\/insight7\/wp-content\/uploads\/2025\/03\/Quadrat_HAKhoodie.jpg\",\"contentUrl\":\"https:\/\/wordpress.hak-steyr.at\/insight7\/wp-content\/uploads\/2025\/03\/Quadrat_HAKhoodie.jpg\",\"width\":1181,\"height\":1181,\"caption\":\"Sch\u00fclerzeitung der HAK\/HAS Steyr\"},\"image\":{\"@id\":\"https:\/\/wordpress.hak-steyr.at\/insight7\/#\/schema\/logo\/image\/\"}},{\"@type\":\"Person\",\"@id\":\"https:\/\/wordpress.hak-steyr.at\/insight7\/#\/schema\/person\/0a70a0a982d4f8b4a84fea55af6f09df\",\"name\":\"Redakteur.in Insight7\",\"url\":\"https:\/\/wordpress.hak-steyr.at\/insight7\/author\/redakteurin-insight7\/\"}]}<\/script>\n<!-- \/ Yoast SEO plugin. -->","yoast_head_json":{"title":"Corona-LOCKDOWN der Zweite - What to do? - insight7","robots":{"index":"index","follow":"follow","max-snippet":"max-snippet:-1","max-image-preview":"max-image-preview:large","max-video-preview":"max-video-preview:-1"},"canonical":"https:\/\/wordpress.hak-steyr.at\/insight7\/2020\/11\/20\/corona-lockdown-der-zweite-what-to-do\/","og_locale":"de_DE","og_type":"article","og_title":"Corona-LOCKDOWN der Zweite - What to do? - insight7","og_description":"Ausgangssperren, Distance Learning und nicht zuletzt ein Gesundheitssystem, dem seine Kapazit\u00e4tsgrenze vor Augen gef\u00fchrt wird. -Infolge der in den vergangenen Wochen stark ansteigenden Corona-Fallzahlen trat in \u00d6sterreich am 18.11.2020 ein erneuter &#8222;harter&#8220; Lockdown in Kraft. Die gesamte Bev\u00f6lkerung unseres Landes ist aufgerufen zuhause zu bleiben, soziale Kontakte auf ein Minimum zu reduzieren und das Haus [&hellip;]","og_url":"https:\/\/wordpress.hak-steyr.at\/insight7\/2020\/11\/20\/corona-lockdown-der-zweite-what-to-do\/","og_site_name":"insight7","article_published_time":"2020-11-20T17:30:05+00:00","article_modified_time":"2020-11-24T15:43:36+00:00","og_image":[{"width":1600,"height":588,"url":"https:\/\/wordpress.hak-steyr.at\/insight7\/wp-content\/uploads\/2020\/11\/PHOTO-2020-11-19-23-52-07.jpg","type":"image\/jpeg"}],"author":"Redakteur.in Insight7","twitter_card":"summary_large_image","twitter_misc":{"Verfasst von":"Redakteur.in Insight7","Gesch\u00e4tzte Lesezeit":"1\u00a0Minute"},"schema":{"@context":"https:\/\/schema.org","@graph":[{"@type":"Article","@id":"https:\/\/wordpress.hak-steyr.at\/insight7\/2020\/11\/20\/corona-lockdown-der-zweite-what-to-do\/#article","isPartOf":{"@id":"https:\/\/wordpress.hak-steyr.at\/insight7\/2020\/11\/20\/corona-lockdown-der-zweite-what-to-do\/"},"author":{"name":"Redakteur.in Insight7","@id":"https:\/\/wordpress.hak-steyr.at\/insight7\/#\/schema\/person\/0a70a0a982d4f8b4a84fea55af6f09df"},"headline":"Corona-LOCKDOWN der Zweite &#8211; What to do?","datePublished":"2020-11-20T17:30:05+00:00","dateModified":"2020-11-24T15:43:36+00:00","mainEntityOfPage":{"@id":"https:\/\/wordpress.hak-steyr.at\/insight7\/2020\/11\/20\/corona-lockdown-der-zweite-what-to-do\/"},"wordCount":189,"publisher":{"@id":"https:\/\/wordpress.hak-steyr.at\/insight7\/#organization"},"image":{"@id":"https:\/\/wordpress.hak-steyr.at\/insight7\/2020\/11\/20\/corona-lockdown-der-zweite-what-to-do\/#primaryimage"},"thumbnailUrl":"https:\/\/wordpress.hak-steyr.at\/insight7\/wp-content\/uploads\/2020\/11\/PHOTO-2020-11-19-23-52-07.jpg","articleSection":["Leisure"],"inLanguage":"de"},{"@type":"WebPage","@id":"https:\/\/wordpress.hak-steyr.at\/insight7\/2020\/11\/20\/corona-lockdown-der-zweite-what-to-do\/","url":"https:\/\/wordpress.hak-steyr.at\/insight7\/2020\/11\/20\/corona-lockdown-der-zweite-what-to-do\/","name":"Corona-LOCKDOWN der Zweite - What to do? - insight7","isPartOf":{"@id":"https:\/\/wordpress.hak-steyr.at\/insight7\/#website"},"primaryImageOfPage":{"@id":"https:\/\/wordpress.hak-steyr.at\/insight7\/2020\/11\/20\/corona-lockdown-der-zweite-what-to-do\/#primaryimage"},"image":{"@id":"https:\/\/wordpress.hak-steyr.at\/insight7\/2020\/11\/20\/corona-lockdown-der-zweite-what-to-do\/#primaryimage"},"thumbnailUrl":"https:\/\/wordpress.hak-steyr.at\/insight7\/wp-content\/uploads\/2020\/11\/PHOTO-2020-11-19-23-52-07.jpg","datePublished":"2020-11-20T17:30:05+00:00","dateModified":"2020-11-24T15:43:36+00:00","breadcrumb":{"@id":"https:\/\/wordpress.hak-steyr.at\/insight7\/2020\/11\/20\/corona-lockdown-der-zweite-what-to-do\/#breadcrumb"},"inLanguage":"de","potentialAction":[{"@type":"ReadAction","target":["https:\/\/wordpress.hak-steyr.at\/insight7\/2020\/11\/20\/corona-lockdown-der-zweite-what-to-do\/"]}]},{"@type":"ImageObject","inLanguage":"de","@id":"https:\/\/wordpress.hak-steyr.at\/insight7\/2020\/11\/20\/corona-lockdown-der-zweite-what-to-do\/#primaryimage","url":"https:\/\/wordpress.hak-steyr.at\/insight7\/wp-content\/uploads\/2020\/11\/PHOTO-2020-11-19-23-52-07.jpg","contentUrl":"https:\/\/wordpress.hak-steyr.at\/insight7\/wp-content\/uploads\/2020\/11\/PHOTO-2020-11-19-23-52-07.jpg","width":1600,"height":588},{"@type":"BreadcrumbList","@id":"https:\/\/wordpress.hak-steyr.at\/insight7\/2020\/11\/20\/corona-lockdown-der-zweite-what-to-do\/#breadcrumb","itemListElement":[{"@type":"ListItem","position":1,"name":"Startseite","item":"https:\/\/wordpress.hak-steyr.at\/insight7\/"},{"@type":"ListItem","position":2,"name":"Corona-LOCKDOWN der Zweite &#8211; What to do?"}]},{"@type":"WebSite","@id":"https:\/\/wordpress.hak-steyr.at\/insight7\/#website","url":"https:\/\/wordpress.hak-steyr.at\/insight7\/","name":"insight7","description":"Onlinesch\u00fclerzeitung der BHAK\/BHAS Steyr","publisher":{"@id":"https:\/\/wordpress.hak-steyr.at\/insight7\/#organization"},"potentialAction":[{"@type":"SearchAction","target":{"@type":"EntryPoint","urlTemplate":"https:\/\/wordpress.hak-steyr.at\/insight7\/?s={search_term_string}"},"query-input":{"@type":"PropertyValueSpecification","valueRequired":true,"valueName":"search_term_string"}}],"inLanguage":"de"},{"@type":"Organization","@id":"https:\/\/wordpress.hak-steyr.at\/insight7\/#organization","name":"Sch\u00fclerzeitung der HAK\/HAS Steyr","url":"https:\/\/wordpress.hak-steyr.at\/insight7\/","logo":{"@type":"ImageObject","inLanguage":"de","@id":"https:\/\/wordpress.hak-steyr.at\/insight7\/#\/schema\/logo\/image\/","url":"https:\/\/wordpress.hak-steyr.at\/insight7\/wp-content\/uploads\/2025\/03\/Quadrat_HAKhoodie.jpg","contentUrl":"https:\/\/wordpress.hak-steyr.at\/insight7\/wp-content\/uploads\/2025\/03\/Quadrat_HAKhoodie.jpg","width":1181,"height":1181,"caption":"Sch\u00fclerzeitung der HAK\/HAS Steyr"},"image":{"@id":"https:\/\/wordpress.hak-steyr.at\/insight7\/#\/schema\/logo\/image\/"}},{"@type":"Person","@id":"https:\/\/wordpress.hak-steyr.at\/insight7\/#\/schema\/person\/0a70a0a982d4f8b4a84fea55af6f09df","name":"Redakteur.in Insight7","url":"https:\/\/wordpress.hak-steyr.at\/insight7\/author\/redakteurin-insight7\/"}]}},"_links":{"self":[{"href":"https:\/\/wordpress.hak-steyr.at\/insight7\/wp-json\/wp\/v2\/posts\/8259","targetHints":{"allow":["GET"]}}],"collection":[{"href":"https:\/\/wordpress.hak-steyr.at\/insight7\/wp-json\/wp\/v2\/posts"}],"about":[{"href":"https:\/\/wordpress.hak-steyr.at\/insight7\/wp-json\/wp\/v2\/types\/post"}],"author":[{"embeddable":true,"href":"https:\/\/wordpress.hak-steyr.at\/insight7\/wp-json\/wp\/v2\/users\/30"}],"replies":[{"embeddable":true,"href":"https:\/\/wordpress.hak-steyr.at\/insight7\/wp-json\/wp\/v2\/comments?post=8259"}],"version-history":[{"count":19,"href":"https:\/\/wordpress.hak-steyr.at\/insight7\/wp-json\/wp\/v2\/posts\/8259\/revisions"}],"predecessor-version":[{"id":8283,"href":"https:\/\/wordpress.hak-steyr.at\/insight7\/wp-json\/wp\/v2\/posts\/8259\/revisions\/8283"}],"wp:featuredmedia":[{"embeddable":true,"href":"https:\/\/wordpress.hak-steyr.at\/insight7\/wp-json\/wp\/v2\/media\/8285"}],"wp:attachment":[{"href":"https:\/\/wordpress.hak-steyr.at\/insight7\/wp-json\/wp\/v2\/media?parent=8259"}],"wp:term":[{"taxonomy":"category","embeddable":true,"href":"https:\/\/wordpress.hak-steyr.at\/insight7\/wp-json\/wp\/v2\/categories?post=8259"},{"taxonomy":"post_tag","embeddable":true,"href":"https:\/\/wordpress.hak-steyr.at\/insight7\/wp-json\/wp\/v2\/tags?post=8259"}],"curies":[{"name":"wp","href":"https:\/\/api.w.org\/{rel}","templated":true}]}}