{"id":8520,"date":"2020-12-18T16:00:19","date_gmt":"2020-12-18T15:00:19","guid":{"rendered":"https:\/\/wordpress.hak-steyr.at\/insight7\/?p=8520"},"modified":"2020-12-18T14:55:32","modified_gmt":"2020-12-18T13:55:32","slug":"tiktok-die-vorbilder-der-juengsten-generation","status":"publish","type":"post","link":"https:\/\/wordpress.hak-steyr.at\/insight7\/2020\/12\/18\/tiktok-die-vorbilder-der-juengsten-generation\/","title":{"rendered":"TikTok &#8211; die VORBILDER der j\u00fcngsten Generation"},"content":{"rendered":"\n<p>Jeder Jugendlicher hat seinen geheimen Schwarm und sein gro\u00dfes, prominentes Vorbild. Vor Jahren galten S\u00e4nger wie Justin Biber und Miley Cyrus als die Lieblinge der Teenies. Mittlerweile sehen immer mehr 14 &#8211; 18 J\u00e4hrige zu den Stars der Plattform TikTok auf. <\/p>\n\n\n\n<p>Mit den bekanntesten Gesichtern der ehemaligen App &#8222;Musical.ly&#8220; k\u00f6nnen sich viele Jugendliche identifizieren. Oft zeigen uns gleichaltrige den Lifestyle eines kalifornischen Teenagers und geben uns Einblicke in deren Alltag. Ob jemand auf einer Veranstaltung, einer Party oder einem Festival ist &#8211; in den Stories der Sternchen k\u00f6nnen wir ihr Leben beneiden. Doch nicht nur ihr Leben und ihre Freundschaften mit Promis, wie den Kardashions, bewundern wir &#8211; einige von ihnen bildeten in einem Alter, in dem wir zur Schule gehen und uns mit Mathematik und UNCO das Leben zur schwer machen &#8211; eine Wohngemeinschaft. Diese jungen Leute haben so viel Geld, dass sie in 20 Millionen Euro Villen in Kalifornien leben und in der Garage Luxusautos der Marken Lamborghini, Mercedes und Tesla stehen haben. <\/p>\n\n\n\n<p>Diese jungen Menschen werden Tag und Nacht von Paparazzi verfolgt, da sie dank 15 Sekunden T\u00e4nze S\u00e4ngern und Schauspielern das Rampenlicht stehlen. Paparazzi verdienen so ihr Geld und setzen sich das Ziel, deren Liebesbeziehungen zu entlarven und dunkle Geheimnisse zu l\u00fcften.<\/p>\n\n\n\n<figure class=\"wp-block-image size-large\"><img loading=\"lazy\" decoding=\"async\" width=\"1024\" height=\"164\" src=\"https:\/\/wordpress.hak-steyr.at\/insight7\/wp-content\/uploads\/2020\/12\/Image-57-1024x164.jpeg\" alt=\"\" class=\"wp-image-8521\" srcset=\"https:\/\/wordpress.hak-steyr.at\/insight7\/wp-content\/uploads\/2020\/12\/Image-57-1024x164.jpeg 1024w, https:\/\/wordpress.hak-steyr.at\/insight7\/wp-content\/uploads\/2020\/12\/Image-57-300x48.jpeg 300w, https:\/\/wordpress.hak-steyr.at\/insight7\/wp-content\/uploads\/2020\/12\/Image-57-768x123.jpeg 768w, https:\/\/wordpress.hak-steyr.at\/insight7\/wp-content\/uploads\/2020\/12\/Image-57-375x60.jpeg 375w, https:\/\/wordpress.hak-steyr.at\/insight7\/wp-content\/uploads\/2020\/12\/Image-57.jpeg 1125w\" sizes=\"auto, (max-width: 1024px) 100vw, 1024px\" \/><figcaption>TikTok: moe-161, let&#8217;s support each other<\/figcaption><\/figure>\n\n\n\n<p>Doch nicht nur Amerikaner haben das Zeug zum Star, schlie\u00dflich hat auch die HAK-Steyr ein Sternchen an der Schule. Muhammed Demir, Sch\u00fcler der 4AK, teilt regelm\u00e4\u00dfig mit seinen 10 000 Fans Videos auf seinem TikTok Account. Clips in denen er singt, seinen Eltern einen Streich spielt oder mit seinen Freunden in der Gegend herumtanzt, gehen viral. \u00dcber eine halbe Millionen Menschen schmunzelten beim Anblick seines beliebtesten Video. Wer wei\u00df, wom\u00f6glich lauern in der Zukunft Paparazzi vor unserem Schulgeb\u00e4ude, um Muhammed abblitzen zu k\u00f6nnen. <\/p>\n<div class=\"pvc_clear\"><\/div><p id=\"pvc_stats_8520\" class=\"pvc_stats total_only  \" data-element-id=\"8520\" style=\"\"><i class=\"pvc-stats-icon medium\" aria-hidden=\"true\"><svg aria-hidden=\"true\" focusable=\"false\" data-prefix=\"far\" data-icon=\"chart-bar\" role=\"img\" xmlns=\"http:\/\/www.w3.org\/2000\/svg\" viewBox=\"0 0 512 512\" class=\"svg-inline--fa fa-chart-bar fa-w-16 fa-2x\"><path fill=\"currentColor\" d=\"M396.8 352h22.4c6.4 0 12.8-6.4 12.8-12.8V108.8c0-6.4-6.4-12.8-12.8-12.8h-22.4c-6.4 0-12.8 6.4-12.8 12.8v230.4c0 6.4 6.4 12.8 12.8 12.8zm-192 0h22.4c6.4 0 12.8-6.4 12.8-12.8V140.8c0-6.4-6.4-12.8-12.8-12.8h-22.4c-6.4 0-12.8 6.4-12.8 12.8v198.4c0 6.4 6.4 12.8 12.8 12.8zm96 0h22.4c6.4 0 12.8-6.4 12.8-12.8V204.8c0-6.4-6.4-12.8-12.8-12.8h-22.4c-6.4 0-12.8 6.4-12.8 12.8v134.4c0 6.4 6.4 12.8 12.8 12.8zM496 400H48V80c0-8.84-7.16-16-16-16H16C7.16 64 0 71.16 0 80v336c0 17.67 14.33 32 32 32h464c8.84 0 16-7.16 16-16v-16c0-8.84-7.16-16-16-16zm-387.2-48h22.4c6.4 0 12.8-6.4 12.8-12.8v-70.4c0-6.4-6.4-12.8-12.8-12.8h-22.4c-6.4 0-12.8 6.4-12.8 12.8v70.4c0 6.4 6.4 12.8 12.8 12.8z\" class=\"\"><\/path><\/svg><\/i> <img loading=\"lazy\" decoding=\"async\" width=\"16\" height=\"16\" alt=\"Loading\" src=\"https:\/\/wordpress.hak-steyr.at\/insight7\/wp-content\/plugins\/page-views-count\/ajax-loader-2x.gif\" border=0 \/><\/p><div class=\"pvc_clear\"><\/div>","protected":false},"excerpt":{"rendered":"<p>Jeder Jugendlicher hat seinen geheimen Schwarm und sein gro\u00dfes, prominentes Vorbild. Vor Jahren galten S\u00e4nger wie Justin Biber und Miley Cyrus als die Lieblinge der Teenies. Mittlerweile sehen immer mehr 14 &#8211; 18 J\u00e4hrige zu den Stars der Plattform TikTok auf. Mit den bekanntesten Gesichtern der ehemaligen App &#8222;Musical.ly&#8220; k\u00f6nnen sich viele Jugendliche identifizieren. Oft [&hellip;]<\/p>\n","protected":false},"author":30,"featured_media":8522,"comment_status":"closed","ping_status":"closed","sticky":false,"template":"","format":"standard","meta":{"footnotes":""},"categories":[20],"tags":[],"class_list":["post-8520","post","type-post","status-publish","format-standard","has-post-thumbnail","hentry","category-leisure"],"yoast_head":"<!-- This site is optimized with the Yoast SEO plugin v26.1.1 - https:\/\/yoast.com\/wordpress\/plugins\/seo\/ -->\n<title>TikTok - die VORBILDER der j\u00fcngsten Generation - insight7<\/title>\n<meta name=\"robots\" content=\"index, follow, max-snippet:-1, max-image-preview:large, max-video-preview:-1\" \/>\n<link rel=\"canonical\" href=\"https:\/\/wordpress.hak-steyr.at\/insight7\/2020\/12\/18\/tiktok-die-vorbilder-der-juengsten-generation\/\" \/>\n<meta property=\"og:locale\" content=\"de_DE\" \/>\n<meta property=\"og:type\" content=\"article\" \/>\n<meta property=\"og:title\" content=\"TikTok - die VORBILDER der j\u00fcngsten Generation - insight7\" \/>\n<meta property=\"og:description\" content=\"Jeder Jugendlicher hat seinen geheimen Schwarm und sein gro\u00dfes, prominentes Vorbild. Vor Jahren galten S\u00e4nger wie Justin Biber und Miley Cyrus als die Lieblinge der Teenies. Mittlerweile sehen immer mehr 14 &#8211; 18 J\u00e4hrige zu den Stars der Plattform TikTok auf. Mit den bekanntesten Gesichtern der ehemaligen App &#8222;Musical.ly&#8220; k\u00f6nnen sich viele Jugendliche identifizieren. Oft [&hellip;]\" \/>\n<meta property=\"og:url\" content=\"https:\/\/wordpress.hak-steyr.at\/insight7\/2020\/12\/18\/tiktok-die-vorbilder-der-juengsten-generation\/\" \/>\n<meta property=\"og:site_name\" content=\"insight7\" \/>\n<meta property=\"article:published_time\" content=\"2020-12-18T15:00:19+00:00\" \/>\n<meta property=\"og:image\" content=\"https:\/\/wordpress.hak-steyr.at\/insight7\/wp-content\/uploads\/2020\/12\/Image-56.jpeg\" \/>\n\t<meta property=\"og:image:width\" content=\"1125\" \/>\n\t<meta property=\"og:image:height\" content=\"328\" \/>\n\t<meta property=\"og:image:type\" content=\"image\/jpeg\" \/>\n<meta name=\"author\" content=\"Redakteur.in Insight7\" \/>\n<meta name=\"twitter:card\" content=\"summary_large_image\" \/>\n<meta name=\"twitter:label1\" content=\"Verfasst von\" \/>\n\t<meta name=\"twitter:data1\" content=\"Redakteur.in Insight7\" \/>\n\t<meta name=\"twitter:label2\" content=\"Gesch\u00e4tzte Lesezeit\" \/>\n\t<meta name=\"twitter:data2\" content=\"2\u00a0Minuten\" \/>\n<script type=\"application\/ld+json\" class=\"yoast-schema-graph\">{\"@context\":\"https:\/\/schema.org\",\"@graph\":[{\"@type\":\"Article\",\"@id\":\"https:\/\/wordpress.hak-steyr.at\/insight7\/2020\/12\/18\/tiktok-die-vorbilder-der-juengsten-generation\/#article\",\"isPartOf\":{\"@id\":\"https:\/\/wordpress.hak-steyr.at\/insight7\/2020\/12\/18\/tiktok-die-vorbilder-der-juengsten-generation\/\"},\"author\":{\"name\":\"Redakteur.in Insight7\",\"@id\":\"https:\/\/wordpress.hak-steyr.at\/insight7\/#\/schema\/person\/0a70a0a982d4f8b4a84fea55af6f09df\"},\"headline\":\"TikTok &#8211; die VORBILDER der j\u00fcngsten Generation\",\"datePublished\":\"2020-12-18T15:00:19+00:00\",\"mainEntityOfPage\":{\"@id\":\"https:\/\/wordpress.hak-steyr.at\/insight7\/2020\/12\/18\/tiktok-die-vorbilder-der-juengsten-generation\/\"},\"wordCount\":312,\"publisher\":{\"@id\":\"https:\/\/wordpress.hak-steyr.at\/insight7\/#organization\"},\"image\":{\"@id\":\"https:\/\/wordpress.hak-steyr.at\/insight7\/2020\/12\/18\/tiktok-die-vorbilder-der-juengsten-generation\/#primaryimage\"},\"thumbnailUrl\":\"https:\/\/wordpress.hak-steyr.at\/insight7\/wp-content\/uploads\/2020\/12\/Image-56.jpeg\",\"articleSection\":[\"Leisure\"],\"inLanguage\":\"de\"},{\"@type\":\"WebPage\",\"@id\":\"https:\/\/wordpress.hak-steyr.at\/insight7\/2020\/12\/18\/tiktok-die-vorbilder-der-juengsten-generation\/\",\"url\":\"https:\/\/wordpress.hak-steyr.at\/insight7\/2020\/12\/18\/tiktok-die-vorbilder-der-juengsten-generation\/\",\"name\":\"TikTok - die VORBILDER der j\u00fcngsten Generation - insight7\",\"isPartOf\":{\"@id\":\"https:\/\/wordpress.hak-steyr.at\/insight7\/#website\"},\"primaryImageOfPage\":{\"@id\":\"https:\/\/wordpress.hak-steyr.at\/insight7\/2020\/12\/18\/tiktok-die-vorbilder-der-juengsten-generation\/#primaryimage\"},\"image\":{\"@id\":\"https:\/\/wordpress.hak-steyr.at\/insight7\/2020\/12\/18\/tiktok-die-vorbilder-der-juengsten-generation\/#primaryimage\"},\"thumbnailUrl\":\"https:\/\/wordpress.hak-steyr.at\/insight7\/wp-content\/uploads\/2020\/12\/Image-56.jpeg\",\"datePublished\":\"2020-12-18T15:00:19+00:00\",\"breadcrumb\":{\"@id\":\"https:\/\/wordpress.hak-steyr.at\/insight7\/2020\/12\/18\/tiktok-die-vorbilder-der-juengsten-generation\/#breadcrumb\"},\"inLanguage\":\"de\",\"potentialAction\":[{\"@type\":\"ReadAction\",\"target\":[\"https:\/\/wordpress.hak-steyr.at\/insight7\/2020\/12\/18\/tiktok-die-vorbilder-der-juengsten-generation\/\"]}]},{\"@type\":\"ImageObject\",\"inLanguage\":\"de\",\"@id\":\"https:\/\/wordpress.hak-steyr.at\/insight7\/2020\/12\/18\/tiktok-die-vorbilder-der-juengsten-generation\/#primaryimage\",\"url\":\"https:\/\/wordpress.hak-steyr.at\/insight7\/wp-content\/uploads\/2020\/12\/Image-56.jpeg\",\"contentUrl\":\"https:\/\/wordpress.hak-steyr.at\/insight7\/wp-content\/uploads\/2020\/12\/Image-56.jpeg\",\"width\":1125,\"height\":328},{\"@type\":\"BreadcrumbList\",\"@id\":\"https:\/\/wordpress.hak-steyr.at\/insight7\/2020\/12\/18\/tiktok-die-vorbilder-der-juengsten-generation\/#breadcrumb\",\"itemListElement\":[{\"@type\":\"ListItem\",\"position\":1,\"name\":\"Startseite\",\"item\":\"https:\/\/wordpress.hak-steyr.at\/insight7\/\"},{\"@type\":\"ListItem\",\"position\":2,\"name\":\"TikTok &#8211; die VORBILDER der j\u00fcngsten Generation\"}]},{\"@type\":\"WebSite\",\"@id\":\"https:\/\/wordpress.hak-steyr.at\/insight7\/#website\",\"url\":\"https:\/\/wordpress.hak-steyr.at\/insight7\/\",\"name\":\"insight7\",\"description\":\"Onlinesch\u00fclerzeitung der BHAK\/BHAS Steyr\",\"publisher\":{\"@id\":\"https:\/\/wordpress.hak-steyr.at\/insight7\/#organization\"},\"potentialAction\":[{\"@type\":\"SearchAction\",\"target\":{\"@type\":\"EntryPoint\",\"urlTemplate\":\"https:\/\/wordpress.hak-steyr.at\/insight7\/?s={search_term_string}\"},\"query-input\":{\"@type\":\"PropertyValueSpecification\",\"valueRequired\":true,\"valueName\":\"search_term_string\"}}],\"inLanguage\":\"de\"},{\"@type\":\"Organization\",\"@id\":\"https:\/\/wordpress.hak-steyr.at\/insight7\/#organization\",\"name\":\"Sch\u00fclerzeitung der HAK\/HAS Steyr\",\"url\":\"https:\/\/wordpress.hak-steyr.at\/insight7\/\",\"logo\":{\"@type\":\"ImageObject\",\"inLanguage\":\"de\",\"@id\":\"https:\/\/wordpress.hak-steyr.at\/insight7\/#\/schema\/logo\/image\/\",\"url\":\"https:\/\/wordpress.hak-steyr.at\/insight7\/wp-content\/uploads\/2025\/03\/Quadrat_HAKhoodie.jpg\",\"contentUrl\":\"https:\/\/wordpress.hak-steyr.at\/insight7\/wp-content\/uploads\/2025\/03\/Quadrat_HAKhoodie.jpg\",\"width\":1181,\"height\":1181,\"caption\":\"Sch\u00fclerzeitung der HAK\/HAS Steyr\"},\"image\":{\"@id\":\"https:\/\/wordpress.hak-steyr.at\/insight7\/#\/schema\/logo\/image\/\"}},{\"@type\":\"Person\",\"@id\":\"https:\/\/wordpress.hak-steyr.at\/insight7\/#\/schema\/person\/0a70a0a982d4f8b4a84fea55af6f09df\",\"name\":\"Redakteur.in Insight7\",\"url\":\"https:\/\/wordpress.hak-steyr.at\/insight7\/author\/redakteurin-insight7\/\"}]}<\/script>\n<!-- \/ Yoast SEO plugin. -->","yoast_head_json":{"title":"TikTok - die VORBILDER der j\u00fcngsten Generation - insight7","robots":{"index":"index","follow":"follow","max-snippet":"max-snippet:-1","max-image-preview":"max-image-preview:large","max-video-preview":"max-video-preview:-1"},"canonical":"https:\/\/wordpress.hak-steyr.at\/insight7\/2020\/12\/18\/tiktok-die-vorbilder-der-juengsten-generation\/","og_locale":"de_DE","og_type":"article","og_title":"TikTok - die VORBILDER der j\u00fcngsten Generation - insight7","og_description":"Jeder Jugendlicher hat seinen geheimen Schwarm und sein gro\u00dfes, prominentes Vorbild. Vor Jahren galten S\u00e4nger wie Justin Biber und Miley Cyrus als die Lieblinge der Teenies. Mittlerweile sehen immer mehr 14 &#8211; 18 J\u00e4hrige zu den Stars der Plattform TikTok auf. Mit den bekanntesten Gesichtern der ehemaligen App &#8222;Musical.ly&#8220; k\u00f6nnen sich viele Jugendliche identifizieren. Oft [&hellip;]","og_url":"https:\/\/wordpress.hak-steyr.at\/insight7\/2020\/12\/18\/tiktok-die-vorbilder-der-juengsten-generation\/","og_site_name":"insight7","article_published_time":"2020-12-18T15:00:19+00:00","og_image":[{"width":1125,"height":328,"url":"https:\/\/wordpress.hak-steyr.at\/insight7\/wp-content\/uploads\/2020\/12\/Image-56.jpeg","type":"image\/jpeg"}],"author":"Redakteur.in Insight7","twitter_card":"summary_large_image","twitter_misc":{"Verfasst von":"Redakteur.in Insight7","Gesch\u00e4tzte Lesezeit":"2\u00a0Minuten"},"schema":{"@context":"https:\/\/schema.org","@graph":[{"@type":"Article","@id":"https:\/\/wordpress.hak-steyr.at\/insight7\/2020\/12\/18\/tiktok-die-vorbilder-der-juengsten-generation\/#article","isPartOf":{"@id":"https:\/\/wordpress.hak-steyr.at\/insight7\/2020\/12\/18\/tiktok-die-vorbilder-der-juengsten-generation\/"},"author":{"name":"Redakteur.in Insight7","@id":"https:\/\/wordpress.hak-steyr.at\/insight7\/#\/schema\/person\/0a70a0a982d4f8b4a84fea55af6f09df"},"headline":"TikTok &#8211; die VORBILDER der j\u00fcngsten Generation","datePublished":"2020-12-18T15:00:19+00:00","mainEntityOfPage":{"@id":"https:\/\/wordpress.hak-steyr.at\/insight7\/2020\/12\/18\/tiktok-die-vorbilder-der-juengsten-generation\/"},"wordCount":312,"publisher":{"@id":"https:\/\/wordpress.hak-steyr.at\/insight7\/#organization"},"image":{"@id":"https:\/\/wordpress.hak-steyr.at\/insight7\/2020\/12\/18\/tiktok-die-vorbilder-der-juengsten-generation\/#primaryimage"},"thumbnailUrl":"https:\/\/wordpress.hak-steyr.at\/insight7\/wp-content\/uploads\/2020\/12\/Image-56.jpeg","articleSection":["Leisure"],"inLanguage":"de"},{"@type":"WebPage","@id":"https:\/\/wordpress.hak-steyr.at\/insight7\/2020\/12\/18\/tiktok-die-vorbilder-der-juengsten-generation\/","url":"https:\/\/wordpress.hak-steyr.at\/insight7\/2020\/12\/18\/tiktok-die-vorbilder-der-juengsten-generation\/","name":"TikTok - die VORBILDER der j\u00fcngsten Generation - insight7","isPartOf":{"@id":"https:\/\/wordpress.hak-steyr.at\/insight7\/#website"},"primaryImageOfPage":{"@id":"https:\/\/wordpress.hak-steyr.at\/insight7\/2020\/12\/18\/tiktok-die-vorbilder-der-juengsten-generation\/#primaryimage"},"image":{"@id":"https:\/\/wordpress.hak-steyr.at\/insight7\/2020\/12\/18\/tiktok-die-vorbilder-der-juengsten-generation\/#primaryimage"},"thumbnailUrl":"https:\/\/wordpress.hak-steyr.at\/insight7\/wp-content\/uploads\/2020\/12\/Image-56.jpeg","datePublished":"2020-12-18T15:00:19+00:00","breadcrumb":{"@id":"https:\/\/wordpress.hak-steyr.at\/insight7\/2020\/12\/18\/tiktok-die-vorbilder-der-juengsten-generation\/#breadcrumb"},"inLanguage":"de","potentialAction":[{"@type":"ReadAction","target":["https:\/\/wordpress.hak-steyr.at\/insight7\/2020\/12\/18\/tiktok-die-vorbilder-der-juengsten-generation\/"]}]},{"@type":"ImageObject","inLanguage":"de","@id":"https:\/\/wordpress.hak-steyr.at\/insight7\/2020\/12\/18\/tiktok-die-vorbilder-der-juengsten-generation\/#primaryimage","url":"https:\/\/wordpress.hak-steyr.at\/insight7\/wp-content\/uploads\/2020\/12\/Image-56.jpeg","contentUrl":"https:\/\/wordpress.hak-steyr.at\/insight7\/wp-content\/uploads\/2020\/12\/Image-56.jpeg","width":1125,"height":328},{"@type":"BreadcrumbList","@id":"https:\/\/wordpress.hak-steyr.at\/insight7\/2020\/12\/18\/tiktok-die-vorbilder-der-juengsten-generation\/#breadcrumb","itemListElement":[{"@type":"ListItem","position":1,"name":"Startseite","item":"https:\/\/wordpress.hak-steyr.at\/insight7\/"},{"@type":"ListItem","position":2,"name":"TikTok &#8211; die VORBILDER der j\u00fcngsten Generation"}]},{"@type":"WebSite","@id":"https:\/\/wordpress.hak-steyr.at\/insight7\/#website","url":"https:\/\/wordpress.hak-steyr.at\/insight7\/","name":"insight7","description":"Onlinesch\u00fclerzeitung der BHAK\/BHAS Steyr","publisher":{"@id":"https:\/\/wordpress.hak-steyr.at\/insight7\/#organization"},"potentialAction":[{"@type":"SearchAction","target":{"@type":"EntryPoint","urlTemplate":"https:\/\/wordpress.hak-steyr.at\/insight7\/?s={search_term_string}"},"query-input":{"@type":"PropertyValueSpecification","valueRequired":true,"valueName":"search_term_string"}}],"inLanguage":"de"},{"@type":"Organization","@id":"https:\/\/wordpress.hak-steyr.at\/insight7\/#organization","name":"Sch\u00fclerzeitung der HAK\/HAS Steyr","url":"https:\/\/wordpress.hak-steyr.at\/insight7\/","logo":{"@type":"ImageObject","inLanguage":"de","@id":"https:\/\/wordpress.hak-steyr.at\/insight7\/#\/schema\/logo\/image\/","url":"https:\/\/wordpress.hak-steyr.at\/insight7\/wp-content\/uploads\/2025\/03\/Quadrat_HAKhoodie.jpg","contentUrl":"https:\/\/wordpress.hak-steyr.at\/insight7\/wp-content\/uploads\/2025\/03\/Quadrat_HAKhoodie.jpg","width":1181,"height":1181,"caption":"Sch\u00fclerzeitung der HAK\/HAS Steyr"},"image":{"@id":"https:\/\/wordpress.hak-steyr.at\/insight7\/#\/schema\/logo\/image\/"}},{"@type":"Person","@id":"https:\/\/wordpress.hak-steyr.at\/insight7\/#\/schema\/person\/0a70a0a982d4f8b4a84fea55af6f09df","name":"Redakteur.in Insight7","url":"https:\/\/wordpress.hak-steyr.at\/insight7\/author\/redakteurin-insight7\/"}]}},"_links":{"self":[{"href":"https:\/\/wordpress.hak-steyr.at\/insight7\/wp-json\/wp\/v2\/posts\/8520","targetHints":{"allow":["GET"]}}],"collection":[{"href":"https:\/\/wordpress.hak-steyr.at\/insight7\/wp-json\/wp\/v2\/posts"}],"about":[{"href":"https:\/\/wordpress.hak-steyr.at\/insight7\/wp-json\/wp\/v2\/types\/post"}],"author":[{"embeddable":true,"href":"https:\/\/wordpress.hak-steyr.at\/insight7\/wp-json\/wp\/v2\/users\/30"}],"replies":[{"embeddable":true,"href":"https:\/\/wordpress.hak-steyr.at\/insight7\/wp-json\/wp\/v2\/comments?post=8520"}],"version-history":[{"count":3,"href":"https:\/\/wordpress.hak-steyr.at\/insight7\/wp-json\/wp\/v2\/posts\/8520\/revisions"}],"predecessor-version":[{"id":8526,"href":"https:\/\/wordpress.hak-steyr.at\/insight7\/wp-json\/wp\/v2\/posts\/8520\/revisions\/8526"}],"wp:featuredmedia":[{"embeddable":true,"href":"https:\/\/wordpress.hak-steyr.at\/insight7\/wp-json\/wp\/v2\/media\/8522"}],"wp:attachment":[{"href":"https:\/\/wordpress.hak-steyr.at\/insight7\/wp-json\/wp\/v2\/media?parent=8520"}],"wp:term":[{"taxonomy":"category","embeddable":true,"href":"https:\/\/wordpress.hak-steyr.at\/insight7\/wp-json\/wp\/v2\/categories?post=8520"},{"taxonomy":"post_tag","embeddable":true,"href":"https:\/\/wordpress.hak-steyr.at\/insight7\/wp-json\/wp\/v2\/tags?post=8520"}],"curies":[{"name":"wp","href":"https:\/\/api.w.org\/{rel}","templated":true}]}}