{"id":8800,"date":"2021-07-10T15:16:25","date_gmt":"2021-07-10T14:16:25","guid":{"rendered":"https:\/\/wordpress.hak-steyr.at\/insight7\/?p=8800"},"modified":"2021-07-10T15:18:36","modified_gmt":"2021-07-10T14:18:36","slug":"schoenen-sommer","status":"publish","type":"post","link":"https:\/\/wordpress.hak-steyr.at\/insight7\/2021\/07\/10\/schoenen-sommer\/","title":{"rendered":"Sch\u00f6nen Sommer!"},"content":{"rendered":"\n<p>Liebe Leserinnen und Leser,<\/p>\n\n\n\n<p>9 Wochen lang die Freiheiten genie\u00dfen und etwas nachholen, das in den vergangenen eineinhalb Jahren nicht m\u00f6glich war oder vielleicht einen Teil der Ferien f\u00fcr das Pflichtpraktikum verwenden und dabei neben Erfahrung in der Arbeitswelt wom\u00f6glich auch noch etwas Geld zu verdienen. -Das sind nur einige der M\u00f6glichkeiten, die die Sommerferien den Sch\u00fclerinnen und Sch\u00fclern bieten.<\/p>\n\n\n\n<p>das Schuljahr an der HAK-Steyr hat mit der Zeugnis\u00fcbergabe am vergangenen Freitag geendet und somit beginnen f\u00fcr die Sch\u00fcler und Sch\u00fclerinnen als auch f\u00fcr die Lehrerinnen und Lehrer die verdienten Sommerferien. Dar\u00fcber hinaus verabschiedet sich auch das Team der INSIGHT 7 in die Sommerferien!<\/p>\n\n\n\n<p>Sch\u00f6nen Sommer, genie\u00dft die freie Zeit!<\/p>\n<div class=\"pvc_clear\"><\/div><p id=\"pvc_stats_8800\" class=\"pvc_stats total_only  \" data-element-id=\"8800\" style=\"\"><i class=\"pvc-stats-icon medium\" aria-hidden=\"true\"><svg aria-hidden=\"true\" focusable=\"false\" data-prefix=\"far\" data-icon=\"chart-bar\" role=\"img\" xmlns=\"http:\/\/www.w3.org\/2000\/svg\" viewBox=\"0 0 512 512\" class=\"svg-inline--fa fa-chart-bar fa-w-16 fa-2x\"><path fill=\"currentColor\" d=\"M396.8 352h22.4c6.4 0 12.8-6.4 12.8-12.8V108.8c0-6.4-6.4-12.8-12.8-12.8h-22.4c-6.4 0-12.8 6.4-12.8 12.8v230.4c0 6.4 6.4 12.8 12.8 12.8zm-192 0h22.4c6.4 0 12.8-6.4 12.8-12.8V140.8c0-6.4-6.4-12.8-12.8-12.8h-22.4c-6.4 0-12.8 6.4-12.8 12.8v198.4c0 6.4 6.4 12.8 12.8 12.8zm96 0h22.4c6.4 0 12.8-6.4 12.8-12.8V204.8c0-6.4-6.4-12.8-12.8-12.8h-22.4c-6.4 0-12.8 6.4-12.8 12.8v134.4c0 6.4 6.4 12.8 12.8 12.8zM496 400H48V80c0-8.84-7.16-16-16-16H16C7.16 64 0 71.16 0 80v336c0 17.67 14.33 32 32 32h464c8.84 0 16-7.16 16-16v-16c0-8.84-7.16-16-16-16zm-387.2-48h22.4c6.4 0 12.8-6.4 12.8-12.8v-70.4c0-6.4-6.4-12.8-12.8-12.8h-22.4c-6.4 0-12.8 6.4-12.8 12.8v70.4c0 6.4 6.4 12.8 12.8 12.8z\" class=\"\"><\/path><\/svg><\/i> <img loading=\"lazy\" decoding=\"async\" width=\"16\" height=\"16\" alt=\"Loading\" src=\"https:\/\/wordpress.hak-steyr.at\/insight7\/wp-content\/plugins\/page-views-count\/ajax-loader-2x.gif\" border=0 \/><\/p><div class=\"pvc_clear\"><\/div>","protected":false},"excerpt":{"rendered":"<p>Liebe Leserinnen und Leser, 9 Wochen lang die Freiheiten genie\u00dfen und etwas nachholen, das in den vergangenen eineinhalb Jahren nicht m\u00f6glich war oder vielleicht einen Teil der Ferien f\u00fcr das Pflichtpraktikum verwenden und dabei neben Erfahrung in der Arbeitswelt wom\u00f6glich auch noch etwas Geld zu verdienen. -Das sind nur einige der M\u00f6glichkeiten, die die Sommerferien [&hellip;]<\/p>\n","protected":false},"author":30,"featured_media":8801,"comment_status":"closed","ping_status":"closed","sticky":false,"template":"","format":"standard","meta":{"footnotes":""},"categories":[148],"tags":[],"class_list":["post-8800","post","type-post","status-publish","format-standard","has-post-thumbnail","hentry","category-campus"],"yoast_head":"<!-- This site is optimized with the Yoast SEO plugin v26.1.1 - https:\/\/yoast.com\/wordpress\/plugins\/seo\/ -->\n<title>Sch\u00f6nen Sommer! - insight7<\/title>\n<meta name=\"robots\" content=\"index, follow, max-snippet:-1, max-image-preview:large, max-video-preview:-1\" \/>\n<link rel=\"canonical\" href=\"https:\/\/wordpress.hak-steyr.at\/insight7\/2021\/07\/10\/schoenen-sommer\/\" \/>\n<meta property=\"og:locale\" content=\"de_DE\" \/>\n<meta property=\"og:type\" content=\"article\" \/>\n<meta property=\"og:title\" content=\"Sch\u00f6nen Sommer! - insight7\" \/>\n<meta property=\"og:description\" content=\"Liebe Leserinnen und Leser, 9 Wochen lang die Freiheiten genie\u00dfen und etwas nachholen, das in den vergangenen eineinhalb Jahren nicht m\u00f6glich war oder vielleicht einen Teil der Ferien f\u00fcr das Pflichtpraktikum verwenden und dabei neben Erfahrung in der Arbeitswelt wom\u00f6glich auch noch etwas Geld zu verdienen. -Das sind nur einige der M\u00f6glichkeiten, die die Sommerferien [&hellip;]\" \/>\n<meta property=\"og:url\" content=\"https:\/\/wordpress.hak-steyr.at\/insight7\/2021\/07\/10\/schoenen-sommer\/\" \/>\n<meta property=\"og:site_name\" content=\"insight7\" \/>\n<meta property=\"article:published_time\" content=\"2021-07-10T14:16:25+00:00\" \/>\n<meta property=\"article:modified_time\" content=\"2021-07-10T14:18:36+00:00\" \/>\n<meta property=\"og:image\" content=\"https:\/\/wordpress.hak-steyr.at\/insight7\/wp-content\/uploads\/2021\/07\/941f96f4-a20a-4f1d-9675-f78b96eb5c6f.jpg\" \/>\n\t<meta property=\"og:image:width\" content=\"900\" \/>\n\t<meta property=\"og:image:height\" content=\"1600\" \/>\n\t<meta property=\"og:image:type\" content=\"image\/jpeg\" \/>\n<meta name=\"author\" content=\"Redakteur.in Insight7\" \/>\n<meta name=\"twitter:card\" content=\"summary_large_image\" \/>\n<meta name=\"twitter:label1\" content=\"Verfasst von\" \/>\n\t<meta name=\"twitter:data1\" content=\"Redakteur.in Insight7\" \/>\n\t<meta name=\"twitter:label2\" content=\"Gesch\u00e4tzte Lesezeit\" \/>\n\t<meta name=\"twitter:data2\" content=\"1\u00a0Minute\" \/>\n<script type=\"application\/ld+json\" class=\"yoast-schema-graph\">{\"@context\":\"https:\/\/schema.org\",\"@graph\":[{\"@type\":\"Article\",\"@id\":\"https:\/\/wordpress.hak-steyr.at\/insight7\/2021\/07\/10\/schoenen-sommer\/#article\",\"isPartOf\":{\"@id\":\"https:\/\/wordpress.hak-steyr.at\/insight7\/2021\/07\/10\/schoenen-sommer\/\"},\"author\":{\"name\":\"Redakteur.in Insight7\",\"@id\":\"https:\/\/wordpress.hak-steyr.at\/insight7\/#\/schema\/person\/0a70a0a982d4f8b4a84fea55af6f09df\"},\"headline\":\"Sch\u00f6nen Sommer!\",\"datePublished\":\"2021-07-10T14:16:25+00:00\",\"dateModified\":\"2021-07-10T14:18:36+00:00\",\"mainEntityOfPage\":{\"@id\":\"https:\/\/wordpress.hak-steyr.at\/insight7\/2021\/07\/10\/schoenen-sommer\/\"},\"wordCount\":126,\"publisher\":{\"@id\":\"https:\/\/wordpress.hak-steyr.at\/insight7\/#organization\"},\"image\":{\"@id\":\"https:\/\/wordpress.hak-steyr.at\/insight7\/2021\/07\/10\/schoenen-sommer\/#primaryimage\"},\"thumbnailUrl\":\"https:\/\/wordpress.hak-steyr.at\/insight7\/wp-content\/uploads\/2021\/07\/941f96f4-a20a-4f1d-9675-f78b96eb5c6f.jpg\",\"articleSection\":[\"Campus Life\"],\"inLanguage\":\"de\"},{\"@type\":\"WebPage\",\"@id\":\"https:\/\/wordpress.hak-steyr.at\/insight7\/2021\/07\/10\/schoenen-sommer\/\",\"url\":\"https:\/\/wordpress.hak-steyr.at\/insight7\/2021\/07\/10\/schoenen-sommer\/\",\"name\":\"Sch\u00f6nen Sommer! - insight7\",\"isPartOf\":{\"@id\":\"https:\/\/wordpress.hak-steyr.at\/insight7\/#website\"},\"primaryImageOfPage\":{\"@id\":\"https:\/\/wordpress.hak-steyr.at\/insight7\/2021\/07\/10\/schoenen-sommer\/#primaryimage\"},\"image\":{\"@id\":\"https:\/\/wordpress.hak-steyr.at\/insight7\/2021\/07\/10\/schoenen-sommer\/#primaryimage\"},\"thumbnailUrl\":\"https:\/\/wordpress.hak-steyr.at\/insight7\/wp-content\/uploads\/2021\/07\/941f96f4-a20a-4f1d-9675-f78b96eb5c6f.jpg\",\"datePublished\":\"2021-07-10T14:16:25+00:00\",\"dateModified\":\"2021-07-10T14:18:36+00:00\",\"breadcrumb\":{\"@id\":\"https:\/\/wordpress.hak-steyr.at\/insight7\/2021\/07\/10\/schoenen-sommer\/#breadcrumb\"},\"inLanguage\":\"de\",\"potentialAction\":[{\"@type\":\"ReadAction\",\"target\":[\"https:\/\/wordpress.hak-steyr.at\/insight7\/2021\/07\/10\/schoenen-sommer\/\"]}]},{\"@type\":\"ImageObject\",\"inLanguage\":\"de\",\"@id\":\"https:\/\/wordpress.hak-steyr.at\/insight7\/2021\/07\/10\/schoenen-sommer\/#primaryimage\",\"url\":\"https:\/\/wordpress.hak-steyr.at\/insight7\/wp-content\/uploads\/2021\/07\/941f96f4-a20a-4f1d-9675-f78b96eb5c6f.jpg\",\"contentUrl\":\"https:\/\/wordpress.hak-steyr.at\/insight7\/wp-content\/uploads\/2021\/07\/941f96f4-a20a-4f1d-9675-f78b96eb5c6f.jpg\",\"width\":900,\"height\":1600},{\"@type\":\"BreadcrumbList\",\"@id\":\"https:\/\/wordpress.hak-steyr.at\/insight7\/2021\/07\/10\/schoenen-sommer\/#breadcrumb\",\"itemListElement\":[{\"@type\":\"ListItem\",\"position\":1,\"name\":\"Startseite\",\"item\":\"https:\/\/wordpress.hak-steyr.at\/insight7\/\"},{\"@type\":\"ListItem\",\"position\":2,\"name\":\"Sch\u00f6nen Sommer!\"}]},{\"@type\":\"WebSite\",\"@id\":\"https:\/\/wordpress.hak-steyr.at\/insight7\/#website\",\"url\":\"https:\/\/wordpress.hak-steyr.at\/insight7\/\",\"name\":\"insight7\",\"description\":\"Onlinesch\u00fclerzeitung der BHAK\/BHAS Steyr\",\"publisher\":{\"@id\":\"https:\/\/wordpress.hak-steyr.at\/insight7\/#organization\"},\"potentialAction\":[{\"@type\":\"SearchAction\",\"target\":{\"@type\":\"EntryPoint\",\"urlTemplate\":\"https:\/\/wordpress.hak-steyr.at\/insight7\/?s={search_term_string}\"},\"query-input\":{\"@type\":\"PropertyValueSpecification\",\"valueRequired\":true,\"valueName\":\"search_term_string\"}}],\"inLanguage\":\"de\"},{\"@type\":\"Organization\",\"@id\":\"https:\/\/wordpress.hak-steyr.at\/insight7\/#organization\",\"name\":\"Sch\u00fclerzeitung der HAK\/HAS Steyr\",\"url\":\"https:\/\/wordpress.hak-steyr.at\/insight7\/\",\"logo\":{\"@type\":\"ImageObject\",\"inLanguage\":\"de\",\"@id\":\"https:\/\/wordpress.hak-steyr.at\/insight7\/#\/schema\/logo\/image\/\",\"url\":\"https:\/\/wordpress.hak-steyr.at\/insight7\/wp-content\/uploads\/2025\/03\/Quadrat_HAKhoodie.jpg\",\"contentUrl\":\"https:\/\/wordpress.hak-steyr.at\/insight7\/wp-content\/uploads\/2025\/03\/Quadrat_HAKhoodie.jpg\",\"width\":1181,\"height\":1181,\"caption\":\"Sch\u00fclerzeitung der HAK\/HAS Steyr\"},\"image\":{\"@id\":\"https:\/\/wordpress.hak-steyr.at\/insight7\/#\/schema\/logo\/image\/\"}},{\"@type\":\"Person\",\"@id\":\"https:\/\/wordpress.hak-steyr.at\/insight7\/#\/schema\/person\/0a70a0a982d4f8b4a84fea55af6f09df\",\"name\":\"Redakteur.in Insight7\",\"url\":\"https:\/\/wordpress.hak-steyr.at\/insight7\/author\/redakteurin-insight7\/\"}]}<\/script>\n<!-- \/ Yoast SEO plugin. -->","yoast_head_json":{"title":"Sch\u00f6nen Sommer! - insight7","robots":{"index":"index","follow":"follow","max-snippet":"max-snippet:-1","max-image-preview":"max-image-preview:large","max-video-preview":"max-video-preview:-1"},"canonical":"https:\/\/wordpress.hak-steyr.at\/insight7\/2021\/07\/10\/schoenen-sommer\/","og_locale":"de_DE","og_type":"article","og_title":"Sch\u00f6nen Sommer! - insight7","og_description":"Liebe Leserinnen und Leser, 9 Wochen lang die Freiheiten genie\u00dfen und etwas nachholen, das in den vergangenen eineinhalb Jahren nicht m\u00f6glich war oder vielleicht einen Teil der Ferien f\u00fcr das Pflichtpraktikum verwenden und dabei neben Erfahrung in der Arbeitswelt wom\u00f6glich auch noch etwas Geld zu verdienen. -Das sind nur einige der M\u00f6glichkeiten, die die Sommerferien [&hellip;]","og_url":"https:\/\/wordpress.hak-steyr.at\/insight7\/2021\/07\/10\/schoenen-sommer\/","og_site_name":"insight7","article_published_time":"2021-07-10T14:16:25+00:00","article_modified_time":"2021-07-10T14:18:36+00:00","og_image":[{"width":900,"height":1600,"url":"https:\/\/wordpress.hak-steyr.at\/insight7\/wp-content\/uploads\/2021\/07\/941f96f4-a20a-4f1d-9675-f78b96eb5c6f.jpg","type":"image\/jpeg"}],"author":"Redakteur.in Insight7","twitter_card":"summary_large_image","twitter_misc":{"Verfasst von":"Redakteur.in Insight7","Gesch\u00e4tzte Lesezeit":"1\u00a0Minute"},"schema":{"@context":"https:\/\/schema.org","@graph":[{"@type":"Article","@id":"https:\/\/wordpress.hak-steyr.at\/insight7\/2021\/07\/10\/schoenen-sommer\/#article","isPartOf":{"@id":"https:\/\/wordpress.hak-steyr.at\/insight7\/2021\/07\/10\/schoenen-sommer\/"},"author":{"name":"Redakteur.in Insight7","@id":"https:\/\/wordpress.hak-steyr.at\/insight7\/#\/schema\/person\/0a70a0a982d4f8b4a84fea55af6f09df"},"headline":"Sch\u00f6nen Sommer!","datePublished":"2021-07-10T14:16:25+00:00","dateModified":"2021-07-10T14:18:36+00:00","mainEntityOfPage":{"@id":"https:\/\/wordpress.hak-steyr.at\/insight7\/2021\/07\/10\/schoenen-sommer\/"},"wordCount":126,"publisher":{"@id":"https:\/\/wordpress.hak-steyr.at\/insight7\/#organization"},"image":{"@id":"https:\/\/wordpress.hak-steyr.at\/insight7\/2021\/07\/10\/schoenen-sommer\/#primaryimage"},"thumbnailUrl":"https:\/\/wordpress.hak-steyr.at\/insight7\/wp-content\/uploads\/2021\/07\/941f96f4-a20a-4f1d-9675-f78b96eb5c6f.jpg","articleSection":["Campus Life"],"inLanguage":"de"},{"@type":"WebPage","@id":"https:\/\/wordpress.hak-steyr.at\/insight7\/2021\/07\/10\/schoenen-sommer\/","url":"https:\/\/wordpress.hak-steyr.at\/insight7\/2021\/07\/10\/schoenen-sommer\/","name":"Sch\u00f6nen Sommer! - insight7","isPartOf":{"@id":"https:\/\/wordpress.hak-steyr.at\/insight7\/#website"},"primaryImageOfPage":{"@id":"https:\/\/wordpress.hak-steyr.at\/insight7\/2021\/07\/10\/schoenen-sommer\/#primaryimage"},"image":{"@id":"https:\/\/wordpress.hak-steyr.at\/insight7\/2021\/07\/10\/schoenen-sommer\/#primaryimage"},"thumbnailUrl":"https:\/\/wordpress.hak-steyr.at\/insight7\/wp-content\/uploads\/2021\/07\/941f96f4-a20a-4f1d-9675-f78b96eb5c6f.jpg","datePublished":"2021-07-10T14:16:25+00:00","dateModified":"2021-07-10T14:18:36+00:00","breadcrumb":{"@id":"https:\/\/wordpress.hak-steyr.at\/insight7\/2021\/07\/10\/schoenen-sommer\/#breadcrumb"},"inLanguage":"de","potentialAction":[{"@type":"ReadAction","target":["https:\/\/wordpress.hak-steyr.at\/insight7\/2021\/07\/10\/schoenen-sommer\/"]}]},{"@type":"ImageObject","inLanguage":"de","@id":"https:\/\/wordpress.hak-steyr.at\/insight7\/2021\/07\/10\/schoenen-sommer\/#primaryimage","url":"https:\/\/wordpress.hak-steyr.at\/insight7\/wp-content\/uploads\/2021\/07\/941f96f4-a20a-4f1d-9675-f78b96eb5c6f.jpg","contentUrl":"https:\/\/wordpress.hak-steyr.at\/insight7\/wp-content\/uploads\/2021\/07\/941f96f4-a20a-4f1d-9675-f78b96eb5c6f.jpg","width":900,"height":1600},{"@type":"BreadcrumbList","@id":"https:\/\/wordpress.hak-steyr.at\/insight7\/2021\/07\/10\/schoenen-sommer\/#breadcrumb","itemListElement":[{"@type":"ListItem","position":1,"name":"Startseite","item":"https:\/\/wordpress.hak-steyr.at\/insight7\/"},{"@type":"ListItem","position":2,"name":"Sch\u00f6nen Sommer!"}]},{"@type":"WebSite","@id":"https:\/\/wordpress.hak-steyr.at\/insight7\/#website","url":"https:\/\/wordpress.hak-steyr.at\/insight7\/","name":"insight7","description":"Onlinesch\u00fclerzeitung der BHAK\/BHAS Steyr","publisher":{"@id":"https:\/\/wordpress.hak-steyr.at\/insight7\/#organization"},"potentialAction":[{"@type":"SearchAction","target":{"@type":"EntryPoint","urlTemplate":"https:\/\/wordpress.hak-steyr.at\/insight7\/?s={search_term_string}"},"query-input":{"@type":"PropertyValueSpecification","valueRequired":true,"valueName":"search_term_string"}}],"inLanguage":"de"},{"@type":"Organization","@id":"https:\/\/wordpress.hak-steyr.at\/insight7\/#organization","name":"Sch\u00fclerzeitung der HAK\/HAS Steyr","url":"https:\/\/wordpress.hak-steyr.at\/insight7\/","logo":{"@type":"ImageObject","inLanguage":"de","@id":"https:\/\/wordpress.hak-steyr.at\/insight7\/#\/schema\/logo\/image\/","url":"https:\/\/wordpress.hak-steyr.at\/insight7\/wp-content\/uploads\/2025\/03\/Quadrat_HAKhoodie.jpg","contentUrl":"https:\/\/wordpress.hak-steyr.at\/insight7\/wp-content\/uploads\/2025\/03\/Quadrat_HAKhoodie.jpg","width":1181,"height":1181,"caption":"Sch\u00fclerzeitung der HAK\/HAS Steyr"},"image":{"@id":"https:\/\/wordpress.hak-steyr.at\/insight7\/#\/schema\/logo\/image\/"}},{"@type":"Person","@id":"https:\/\/wordpress.hak-steyr.at\/insight7\/#\/schema\/person\/0a70a0a982d4f8b4a84fea55af6f09df","name":"Redakteur.in Insight7","url":"https:\/\/wordpress.hak-steyr.at\/insight7\/author\/redakteurin-insight7\/"}]}},"_links":{"self":[{"href":"https:\/\/wordpress.hak-steyr.at\/insight7\/wp-json\/wp\/v2\/posts\/8800","targetHints":{"allow":["GET"]}}],"collection":[{"href":"https:\/\/wordpress.hak-steyr.at\/insight7\/wp-json\/wp\/v2\/posts"}],"about":[{"href":"https:\/\/wordpress.hak-steyr.at\/insight7\/wp-json\/wp\/v2\/types\/post"}],"author":[{"embeddable":true,"href":"https:\/\/wordpress.hak-steyr.at\/insight7\/wp-json\/wp\/v2\/users\/30"}],"replies":[{"embeddable":true,"href":"https:\/\/wordpress.hak-steyr.at\/insight7\/wp-json\/wp\/v2\/comments?post=8800"}],"version-history":[{"count":2,"href":"https:\/\/wordpress.hak-steyr.at\/insight7\/wp-json\/wp\/v2\/posts\/8800\/revisions"}],"predecessor-version":[{"id":8803,"href":"https:\/\/wordpress.hak-steyr.at\/insight7\/wp-json\/wp\/v2\/posts\/8800\/revisions\/8803"}],"wp:featuredmedia":[{"embeddable":true,"href":"https:\/\/wordpress.hak-steyr.at\/insight7\/wp-json\/wp\/v2\/media\/8801"}],"wp:attachment":[{"href":"https:\/\/wordpress.hak-steyr.at\/insight7\/wp-json\/wp\/v2\/media?parent=8800"}],"wp:term":[{"taxonomy":"category","embeddable":true,"href":"https:\/\/wordpress.hak-steyr.at\/insight7\/wp-json\/wp\/v2\/categories?post=8800"},{"taxonomy":"post_tag","embeddable":true,"href":"https:\/\/wordpress.hak-steyr.at\/insight7\/wp-json\/wp\/v2\/tags?post=8800"}],"curies":[{"name":"wp","href":"https:\/\/api.w.org\/{rel}","templated":true}]}}