{"id":8870,"date":"2021-11-05T07:46:13","date_gmt":"2021-11-05T06:46:13","guid":{"rendered":"https:\/\/wordpress.hak-steyr.at\/insight7\/?p=8870"},"modified":"2021-11-05T07:46:14","modified_gmt":"2021-11-05T06:46:14","slug":"hinter-den-kulissen-des-schulbuffets","status":"publish","type":"post","link":"https:\/\/wordpress.hak-steyr.at\/insight7\/2021\/11\/05\/hinter-den-kulissen-des-schulbuffets\/","title":{"rendered":"Hinter den Kulissen des Schulbuffets"},"content":{"rendered":"\n<p>Liebe Leserinnen und Leser!<\/p>\n\n\n\n<p>Ob in der Fr\u00fch, in der gro\u00dfen Pause oder zu Mittag, fast jede\/r hat schon einmal das Buffet besucht. Von herzhaften Speisen, wie Pizzen oder Mittagsgerichten bis hin zu Nussschnecken, ist alles dabei. <\/p>\n\n\n\n<p>Wir haben f\u00fcr euch hinter die Kulissen geblickt und den Buffetbetreiber Christian interviewt. <\/p>\n\n\n\n<p><strong>Insight7: Wie bist du zum Buffet gekommen?<\/strong><\/p>\n\n\n\n<p>Christian: Ich komme urspr\u00fcnglich aus der Zeitungsbranche und bin schlie\u00dflich durch meine Frau zum Schulbuffet gekommen. Zu diesem Zeitpunkt wurde an dieser Schule ein Buffetbetreiber gesucht und ich habe mich beworben. Mein Motto lautet: &#8222;9 Monate Arbeit, 3 Monate frei&#8220;. N\u00e4chstes Jahr im J\u00e4nner beginnen wir schon das 10. Jahr!<\/p>\n\n\n\n<p><\/p>\n\n\n\n<p><strong>Was wird am meisten gekauft?<\/strong><\/p>\n\n\n\n<p>Am meisten wird bei den Getr\u00e4nken Eistee Pfirsich gekauft, danach kommt Eistee Zitrone und stilles Mineral. Beim Essen steht das Mozzarella-Weckerl ganz vorne. Gerne werden auch Schnitzelsemmeln, Nussschnecken und Schoko-Vanille Plunder. In der gro\u00dfen Pause und zu Mittag kaufen viele Sch\u00fclerInnen Pizzen.<\/p>\n\n\n\n<p><\/p>\n\n\n\n<p><strong>Habt ihr in Zukunft vor, auch mehr vegetarische\/vegane Optionen anzubieten?<\/strong><\/p>\n\n\n\n<p>Das gestaltet sich schwierig. Das aktuell einzige vegane Weckerl ist das Dinkelweckerl. Manchmal haben wir auch welche, die nur mit Gem\u00fcse belegt sind. <br>Wir \u00fcberlegen, Weckerl mit Tofu oder Gem\u00fcseschnitzeln zu bef\u00fcllen. Die Nachfrage ist noch nicht gro\u00df genug, da ein Weckerl maximal 2 Stunden in der Verkaufstheke liegen darf. F\u00fcr VeganerInnen steht sonst fast immer frisches Obst und Gem\u00fcse zur Verf\u00fcgung.<\/p>\n\n\n\n<p><\/p>\n\n\n\n<p><strong>Was ist deine Lieblingsspeise?<\/strong><\/p>\n\n\n\n<p>Meine Lieblingsspeise ist Lammbraten. Vom Buffet esse ich selten etwas. Ab und zu trinke ich gerne einen Kaffee oder esse ein Weckerl. Wenn Roland etwas Leckeres zu Mittag kocht, nehme ich mir auch was davon:)<\/p>\n\n\n\n<p><\/p>\n\n\n\n<p><strong>Vielen Dank f\u00fcr das Interview! <\/strong><\/p>\n\n\n\n<p><strong>Wir von der Sch\u00fclerzeitung w\u00fcnschen euch Alles Gute f\u00fcr die Zukunft! <\/strong><\/p>\n<div class=\"pvc_clear\"><\/div><p id=\"pvc_stats_8870\" class=\"pvc_stats total_only  \" data-element-id=\"8870\" style=\"\"><i class=\"pvc-stats-icon medium\" aria-hidden=\"true\"><svg aria-hidden=\"true\" focusable=\"false\" data-prefix=\"far\" data-icon=\"chart-bar\" role=\"img\" xmlns=\"http:\/\/www.w3.org\/2000\/svg\" viewBox=\"0 0 512 512\" class=\"svg-inline--fa fa-chart-bar fa-w-16 fa-2x\"><path fill=\"currentColor\" d=\"M396.8 352h22.4c6.4 0 12.8-6.4 12.8-12.8V108.8c0-6.4-6.4-12.8-12.8-12.8h-22.4c-6.4 0-12.8 6.4-12.8 12.8v230.4c0 6.4 6.4 12.8 12.8 12.8zm-192 0h22.4c6.4 0 12.8-6.4 12.8-12.8V140.8c0-6.4-6.4-12.8-12.8-12.8h-22.4c-6.4 0-12.8 6.4-12.8 12.8v198.4c0 6.4 6.4 12.8 12.8 12.8zm96 0h22.4c6.4 0 12.8-6.4 12.8-12.8V204.8c0-6.4-6.4-12.8-12.8-12.8h-22.4c-6.4 0-12.8 6.4-12.8 12.8v134.4c0 6.4 6.4 12.8 12.8 12.8zM496 400H48V80c0-8.84-7.16-16-16-16H16C7.16 64 0 71.16 0 80v336c0 17.67 14.33 32 32 32h464c8.84 0 16-7.16 16-16v-16c0-8.84-7.16-16-16-16zm-387.2-48h22.4c6.4 0 12.8-6.4 12.8-12.8v-70.4c0-6.4-6.4-12.8-12.8-12.8h-22.4c-6.4 0-12.8 6.4-12.8 12.8v70.4c0 6.4 6.4 12.8 12.8 12.8z\" class=\"\"><\/path><\/svg><\/i> <img loading=\"lazy\" decoding=\"async\" width=\"16\" height=\"16\" alt=\"Loading\" src=\"https:\/\/wordpress.hak-steyr.at\/insight7\/wp-content\/plugins\/page-views-count\/ajax-loader-2x.gif\" border=0 \/><\/p><div class=\"pvc_clear\"><\/div>","protected":false},"excerpt":{"rendered":"<p>Liebe Leserinnen und Leser! Ob in der Fr\u00fch, in der gro\u00dfen Pause oder zu Mittag, fast jede\/r hat schon einmal das Buffet besucht. Von herzhaften Speisen, wie Pizzen oder Mittagsgerichten bis hin zu Nussschnecken, ist alles dabei. Wir haben f\u00fcr euch hinter die Kulissen geblickt und den Buffetbetreiber Christian interviewt. Insight7: Wie bist du zum [&hellip;]<\/p>\n","protected":false},"author":30,"featured_media":8922,"comment_status":"closed","ping_status":"closed","sticky":false,"template":"","format":"standard","meta":{"footnotes":""},"categories":[148],"tags":[],"class_list":["post-8870","post","type-post","status-publish","format-standard","has-post-thumbnail","hentry","category-campus"],"yoast_head":"<!-- This site is optimized with the Yoast SEO plugin v26.1.1 - https:\/\/yoast.com\/wordpress\/plugins\/seo\/ -->\n<title>Hinter den Kulissen des Schulbuffets - insight7<\/title>\n<meta name=\"robots\" content=\"index, follow, max-snippet:-1, max-image-preview:large, max-video-preview:-1\" \/>\n<link rel=\"canonical\" href=\"https:\/\/wordpress.hak-steyr.at\/insight7\/2021\/11\/05\/hinter-den-kulissen-des-schulbuffets\/\" \/>\n<meta property=\"og:locale\" content=\"de_DE\" \/>\n<meta property=\"og:type\" content=\"article\" \/>\n<meta property=\"og:title\" content=\"Hinter den Kulissen des Schulbuffets - insight7\" \/>\n<meta property=\"og:description\" content=\"Liebe Leserinnen und Leser! Ob in der Fr\u00fch, in der gro\u00dfen Pause oder zu Mittag, fast jede\/r hat schon einmal das Buffet besucht. Von herzhaften Speisen, wie Pizzen oder Mittagsgerichten bis hin zu Nussschnecken, ist alles dabei. Wir haben f\u00fcr euch hinter die Kulissen geblickt und den Buffetbetreiber Christian interviewt. Insight7: Wie bist du zum [&hellip;]\" \/>\n<meta property=\"og:url\" content=\"https:\/\/wordpress.hak-steyr.at\/insight7\/2021\/11\/05\/hinter-den-kulissen-des-schulbuffets\/\" \/>\n<meta property=\"og:site_name\" content=\"insight7\" \/>\n<meta property=\"article:published_time\" content=\"2021-11-05T06:46:13+00:00\" \/>\n<meta property=\"article:modified_time\" content=\"2021-11-05T06:46:14+00:00\" \/>\n<meta property=\"og:image\" content=\"https:\/\/wordpress.hak-steyr.at\/insight7\/wp-content\/uploads\/2021\/11\/Foto-Buffet.jpg\" \/>\n\t<meta property=\"og:image:width\" content=\"1024\" \/>\n\t<meta property=\"og:image:height\" content=\"768\" \/>\n\t<meta property=\"og:image:type\" content=\"image\/jpeg\" \/>\n<meta name=\"author\" content=\"Redakteur.in Insight7\" \/>\n<meta name=\"twitter:card\" content=\"summary_large_image\" \/>\n<meta name=\"twitter:label1\" content=\"Verfasst von\" \/>\n\t<meta name=\"twitter:data1\" content=\"Redakteur.in Insight7\" \/>\n\t<meta name=\"twitter:label2\" content=\"Gesch\u00e4tzte Lesezeit\" \/>\n\t<meta name=\"twitter:data2\" content=\"1\u00a0Minute\" \/>\n<script type=\"application\/ld+json\" class=\"yoast-schema-graph\">{\"@context\":\"https:\/\/schema.org\",\"@graph\":[{\"@type\":\"Article\",\"@id\":\"https:\/\/wordpress.hak-steyr.at\/insight7\/2021\/11\/05\/hinter-den-kulissen-des-schulbuffets\/#article\",\"isPartOf\":{\"@id\":\"https:\/\/wordpress.hak-steyr.at\/insight7\/2021\/11\/05\/hinter-den-kulissen-des-schulbuffets\/\"},\"author\":{\"name\":\"Redakteur.in Insight7\",\"@id\":\"https:\/\/wordpress.hak-steyr.at\/insight7\/#\/schema\/person\/0a70a0a982d4f8b4a84fea55af6f09df\"},\"headline\":\"Hinter den Kulissen des Schulbuffets\",\"datePublished\":\"2021-11-05T06:46:13+00:00\",\"dateModified\":\"2021-11-05T06:46:14+00:00\",\"mainEntityOfPage\":{\"@id\":\"https:\/\/wordpress.hak-steyr.at\/insight7\/2021\/11\/05\/hinter-den-kulissen-des-schulbuffets\/\"},\"wordCount\":304,\"publisher\":{\"@id\":\"https:\/\/wordpress.hak-steyr.at\/insight7\/#organization\"},\"image\":{\"@id\":\"https:\/\/wordpress.hak-steyr.at\/insight7\/2021\/11\/05\/hinter-den-kulissen-des-schulbuffets\/#primaryimage\"},\"thumbnailUrl\":\"https:\/\/wordpress.hak-steyr.at\/insight7\/wp-content\/uploads\/2021\/11\/Foto-Buffet.jpg\",\"articleSection\":[\"Campus Life\"],\"inLanguage\":\"de\"},{\"@type\":\"WebPage\",\"@id\":\"https:\/\/wordpress.hak-steyr.at\/insight7\/2021\/11\/05\/hinter-den-kulissen-des-schulbuffets\/\",\"url\":\"https:\/\/wordpress.hak-steyr.at\/insight7\/2021\/11\/05\/hinter-den-kulissen-des-schulbuffets\/\",\"name\":\"Hinter den Kulissen des Schulbuffets - insight7\",\"isPartOf\":{\"@id\":\"https:\/\/wordpress.hak-steyr.at\/insight7\/#website\"},\"primaryImageOfPage\":{\"@id\":\"https:\/\/wordpress.hak-steyr.at\/insight7\/2021\/11\/05\/hinter-den-kulissen-des-schulbuffets\/#primaryimage\"},\"image\":{\"@id\":\"https:\/\/wordpress.hak-steyr.at\/insight7\/2021\/11\/05\/hinter-den-kulissen-des-schulbuffets\/#primaryimage\"},\"thumbnailUrl\":\"https:\/\/wordpress.hak-steyr.at\/insight7\/wp-content\/uploads\/2021\/11\/Foto-Buffet.jpg\",\"datePublished\":\"2021-11-05T06:46:13+00:00\",\"dateModified\":\"2021-11-05T06:46:14+00:00\",\"breadcrumb\":{\"@id\":\"https:\/\/wordpress.hak-steyr.at\/insight7\/2021\/11\/05\/hinter-den-kulissen-des-schulbuffets\/#breadcrumb\"},\"inLanguage\":\"de\",\"potentialAction\":[{\"@type\":\"ReadAction\",\"target\":[\"https:\/\/wordpress.hak-steyr.at\/insight7\/2021\/11\/05\/hinter-den-kulissen-des-schulbuffets\/\"]}]},{\"@type\":\"ImageObject\",\"inLanguage\":\"de\",\"@id\":\"https:\/\/wordpress.hak-steyr.at\/insight7\/2021\/11\/05\/hinter-den-kulissen-des-schulbuffets\/#primaryimage\",\"url\":\"https:\/\/wordpress.hak-steyr.at\/insight7\/wp-content\/uploads\/2021\/11\/Foto-Buffet.jpg\",\"contentUrl\":\"https:\/\/wordpress.hak-steyr.at\/insight7\/wp-content\/uploads\/2021\/11\/Foto-Buffet.jpg\",\"width\":1024,\"height\":768},{\"@type\":\"BreadcrumbList\",\"@id\":\"https:\/\/wordpress.hak-steyr.at\/insight7\/2021\/11\/05\/hinter-den-kulissen-des-schulbuffets\/#breadcrumb\",\"itemListElement\":[{\"@type\":\"ListItem\",\"position\":1,\"name\":\"Startseite\",\"item\":\"https:\/\/wordpress.hak-steyr.at\/insight7\/\"},{\"@type\":\"ListItem\",\"position\":2,\"name\":\"Hinter den Kulissen des Schulbuffets\"}]},{\"@type\":\"WebSite\",\"@id\":\"https:\/\/wordpress.hak-steyr.at\/insight7\/#website\",\"url\":\"https:\/\/wordpress.hak-steyr.at\/insight7\/\",\"name\":\"insight7\",\"description\":\"Onlinesch\u00fclerzeitung der BHAK\/BHAS Steyr\",\"publisher\":{\"@id\":\"https:\/\/wordpress.hak-steyr.at\/insight7\/#organization\"},\"potentialAction\":[{\"@type\":\"SearchAction\",\"target\":{\"@type\":\"EntryPoint\",\"urlTemplate\":\"https:\/\/wordpress.hak-steyr.at\/insight7\/?s={search_term_string}\"},\"query-input\":{\"@type\":\"PropertyValueSpecification\",\"valueRequired\":true,\"valueName\":\"search_term_string\"}}],\"inLanguage\":\"de\"},{\"@type\":\"Organization\",\"@id\":\"https:\/\/wordpress.hak-steyr.at\/insight7\/#organization\",\"name\":\"Sch\u00fclerzeitung der HAK\/HAS Steyr\",\"url\":\"https:\/\/wordpress.hak-steyr.at\/insight7\/\",\"logo\":{\"@type\":\"ImageObject\",\"inLanguage\":\"de\",\"@id\":\"https:\/\/wordpress.hak-steyr.at\/insight7\/#\/schema\/logo\/image\/\",\"url\":\"https:\/\/wordpress.hak-steyr.at\/insight7\/wp-content\/uploads\/2025\/03\/Quadrat_HAKhoodie.jpg\",\"contentUrl\":\"https:\/\/wordpress.hak-steyr.at\/insight7\/wp-content\/uploads\/2025\/03\/Quadrat_HAKhoodie.jpg\",\"width\":1181,\"height\":1181,\"caption\":\"Sch\u00fclerzeitung der HAK\/HAS Steyr\"},\"image\":{\"@id\":\"https:\/\/wordpress.hak-steyr.at\/insight7\/#\/schema\/logo\/image\/\"}},{\"@type\":\"Person\",\"@id\":\"https:\/\/wordpress.hak-steyr.at\/insight7\/#\/schema\/person\/0a70a0a982d4f8b4a84fea55af6f09df\",\"name\":\"Redakteur.in Insight7\",\"url\":\"https:\/\/wordpress.hak-steyr.at\/insight7\/author\/redakteurin-insight7\/\"}]}<\/script>\n<!-- \/ Yoast SEO plugin. -->","yoast_head_json":{"title":"Hinter den Kulissen des Schulbuffets - insight7","robots":{"index":"index","follow":"follow","max-snippet":"max-snippet:-1","max-image-preview":"max-image-preview:large","max-video-preview":"max-video-preview:-1"},"canonical":"https:\/\/wordpress.hak-steyr.at\/insight7\/2021\/11\/05\/hinter-den-kulissen-des-schulbuffets\/","og_locale":"de_DE","og_type":"article","og_title":"Hinter den Kulissen des Schulbuffets - insight7","og_description":"Liebe Leserinnen und Leser! Ob in der Fr\u00fch, in der gro\u00dfen Pause oder zu Mittag, fast jede\/r hat schon einmal das Buffet besucht. Von herzhaften Speisen, wie Pizzen oder Mittagsgerichten bis hin zu Nussschnecken, ist alles dabei. Wir haben f\u00fcr euch hinter die Kulissen geblickt und den Buffetbetreiber Christian interviewt. Insight7: Wie bist du zum [&hellip;]","og_url":"https:\/\/wordpress.hak-steyr.at\/insight7\/2021\/11\/05\/hinter-den-kulissen-des-schulbuffets\/","og_site_name":"insight7","article_published_time":"2021-11-05T06:46:13+00:00","article_modified_time":"2021-11-05T06:46:14+00:00","og_image":[{"width":1024,"height":768,"url":"https:\/\/wordpress.hak-steyr.at\/insight7\/wp-content\/uploads\/2021\/11\/Foto-Buffet.jpg","type":"image\/jpeg"}],"author":"Redakteur.in Insight7","twitter_card":"summary_large_image","twitter_misc":{"Verfasst von":"Redakteur.in Insight7","Gesch\u00e4tzte Lesezeit":"1\u00a0Minute"},"schema":{"@context":"https:\/\/schema.org","@graph":[{"@type":"Article","@id":"https:\/\/wordpress.hak-steyr.at\/insight7\/2021\/11\/05\/hinter-den-kulissen-des-schulbuffets\/#article","isPartOf":{"@id":"https:\/\/wordpress.hak-steyr.at\/insight7\/2021\/11\/05\/hinter-den-kulissen-des-schulbuffets\/"},"author":{"name":"Redakteur.in Insight7","@id":"https:\/\/wordpress.hak-steyr.at\/insight7\/#\/schema\/person\/0a70a0a982d4f8b4a84fea55af6f09df"},"headline":"Hinter den Kulissen des Schulbuffets","datePublished":"2021-11-05T06:46:13+00:00","dateModified":"2021-11-05T06:46:14+00:00","mainEntityOfPage":{"@id":"https:\/\/wordpress.hak-steyr.at\/insight7\/2021\/11\/05\/hinter-den-kulissen-des-schulbuffets\/"},"wordCount":304,"publisher":{"@id":"https:\/\/wordpress.hak-steyr.at\/insight7\/#organization"},"image":{"@id":"https:\/\/wordpress.hak-steyr.at\/insight7\/2021\/11\/05\/hinter-den-kulissen-des-schulbuffets\/#primaryimage"},"thumbnailUrl":"https:\/\/wordpress.hak-steyr.at\/insight7\/wp-content\/uploads\/2021\/11\/Foto-Buffet.jpg","articleSection":["Campus Life"],"inLanguage":"de"},{"@type":"WebPage","@id":"https:\/\/wordpress.hak-steyr.at\/insight7\/2021\/11\/05\/hinter-den-kulissen-des-schulbuffets\/","url":"https:\/\/wordpress.hak-steyr.at\/insight7\/2021\/11\/05\/hinter-den-kulissen-des-schulbuffets\/","name":"Hinter den Kulissen des Schulbuffets - insight7","isPartOf":{"@id":"https:\/\/wordpress.hak-steyr.at\/insight7\/#website"},"primaryImageOfPage":{"@id":"https:\/\/wordpress.hak-steyr.at\/insight7\/2021\/11\/05\/hinter-den-kulissen-des-schulbuffets\/#primaryimage"},"image":{"@id":"https:\/\/wordpress.hak-steyr.at\/insight7\/2021\/11\/05\/hinter-den-kulissen-des-schulbuffets\/#primaryimage"},"thumbnailUrl":"https:\/\/wordpress.hak-steyr.at\/insight7\/wp-content\/uploads\/2021\/11\/Foto-Buffet.jpg","datePublished":"2021-11-05T06:46:13+00:00","dateModified":"2021-11-05T06:46:14+00:00","breadcrumb":{"@id":"https:\/\/wordpress.hak-steyr.at\/insight7\/2021\/11\/05\/hinter-den-kulissen-des-schulbuffets\/#breadcrumb"},"inLanguage":"de","potentialAction":[{"@type":"ReadAction","target":["https:\/\/wordpress.hak-steyr.at\/insight7\/2021\/11\/05\/hinter-den-kulissen-des-schulbuffets\/"]}]},{"@type":"ImageObject","inLanguage":"de","@id":"https:\/\/wordpress.hak-steyr.at\/insight7\/2021\/11\/05\/hinter-den-kulissen-des-schulbuffets\/#primaryimage","url":"https:\/\/wordpress.hak-steyr.at\/insight7\/wp-content\/uploads\/2021\/11\/Foto-Buffet.jpg","contentUrl":"https:\/\/wordpress.hak-steyr.at\/insight7\/wp-content\/uploads\/2021\/11\/Foto-Buffet.jpg","width":1024,"height":768},{"@type":"BreadcrumbList","@id":"https:\/\/wordpress.hak-steyr.at\/insight7\/2021\/11\/05\/hinter-den-kulissen-des-schulbuffets\/#breadcrumb","itemListElement":[{"@type":"ListItem","position":1,"name":"Startseite","item":"https:\/\/wordpress.hak-steyr.at\/insight7\/"},{"@type":"ListItem","position":2,"name":"Hinter den Kulissen des Schulbuffets"}]},{"@type":"WebSite","@id":"https:\/\/wordpress.hak-steyr.at\/insight7\/#website","url":"https:\/\/wordpress.hak-steyr.at\/insight7\/","name":"insight7","description":"Onlinesch\u00fclerzeitung der BHAK\/BHAS Steyr","publisher":{"@id":"https:\/\/wordpress.hak-steyr.at\/insight7\/#organization"},"potentialAction":[{"@type":"SearchAction","target":{"@type":"EntryPoint","urlTemplate":"https:\/\/wordpress.hak-steyr.at\/insight7\/?s={search_term_string}"},"query-input":{"@type":"PropertyValueSpecification","valueRequired":true,"valueName":"search_term_string"}}],"inLanguage":"de"},{"@type":"Organization","@id":"https:\/\/wordpress.hak-steyr.at\/insight7\/#organization","name":"Sch\u00fclerzeitung der HAK\/HAS Steyr","url":"https:\/\/wordpress.hak-steyr.at\/insight7\/","logo":{"@type":"ImageObject","inLanguage":"de","@id":"https:\/\/wordpress.hak-steyr.at\/insight7\/#\/schema\/logo\/image\/","url":"https:\/\/wordpress.hak-steyr.at\/insight7\/wp-content\/uploads\/2025\/03\/Quadrat_HAKhoodie.jpg","contentUrl":"https:\/\/wordpress.hak-steyr.at\/insight7\/wp-content\/uploads\/2025\/03\/Quadrat_HAKhoodie.jpg","width":1181,"height":1181,"caption":"Sch\u00fclerzeitung der HAK\/HAS Steyr"},"image":{"@id":"https:\/\/wordpress.hak-steyr.at\/insight7\/#\/schema\/logo\/image\/"}},{"@type":"Person","@id":"https:\/\/wordpress.hak-steyr.at\/insight7\/#\/schema\/person\/0a70a0a982d4f8b4a84fea55af6f09df","name":"Redakteur.in Insight7","url":"https:\/\/wordpress.hak-steyr.at\/insight7\/author\/redakteurin-insight7\/"}]}},"_links":{"self":[{"href":"https:\/\/wordpress.hak-steyr.at\/insight7\/wp-json\/wp\/v2\/posts\/8870","targetHints":{"allow":["GET"]}}],"collection":[{"href":"https:\/\/wordpress.hak-steyr.at\/insight7\/wp-json\/wp\/v2\/posts"}],"about":[{"href":"https:\/\/wordpress.hak-steyr.at\/insight7\/wp-json\/wp\/v2\/types\/post"}],"author":[{"embeddable":true,"href":"https:\/\/wordpress.hak-steyr.at\/insight7\/wp-json\/wp\/v2\/users\/30"}],"replies":[{"embeddable":true,"href":"https:\/\/wordpress.hak-steyr.at\/insight7\/wp-json\/wp\/v2\/comments?post=8870"}],"version-history":[{"count":2,"href":"https:\/\/wordpress.hak-steyr.at\/insight7\/wp-json\/wp\/v2\/posts\/8870\/revisions"}],"predecessor-version":[{"id":8876,"href":"https:\/\/wordpress.hak-steyr.at\/insight7\/wp-json\/wp\/v2\/posts\/8870\/revisions\/8876"}],"wp:featuredmedia":[{"embeddable":true,"href":"https:\/\/wordpress.hak-steyr.at\/insight7\/wp-json\/wp\/v2\/media\/8922"}],"wp:attachment":[{"href":"https:\/\/wordpress.hak-steyr.at\/insight7\/wp-json\/wp\/v2\/media?parent=8870"}],"wp:term":[{"taxonomy":"category","embeddable":true,"href":"https:\/\/wordpress.hak-steyr.at\/insight7\/wp-json\/wp\/v2\/categories?post=8870"},{"taxonomy":"post_tag","embeddable":true,"href":"https:\/\/wordpress.hak-steyr.at\/insight7\/wp-json\/wp\/v2\/tags?post=8870"}],"curies":[{"name":"wp","href":"https:\/\/api.w.org\/{rel}","templated":true}]}}