{"id":9148,"date":"2022-04-07T08:00:00","date_gmt":"2022-04-07T07:00:00","guid":{"rendered":"https:\/\/wordpress.hak-steyr.at\/insight7\/?p=9148"},"modified":"2022-04-07T06:01:05","modified_gmt":"2022-04-07T05:01:05","slug":"osterbraeuche-oesterreichs","status":"publish","type":"post","link":"https:\/\/wordpress.hak-steyr.at\/insight7\/2022\/04\/07\/osterbraeuche-oesterreichs\/","title":{"rendered":"Osterbr\u00e4uche \u00d6sterreichs"},"content":{"rendered":"\n<p>Ostern steht vor der T\u00fcr und mit gelockerten Corona Regelungen sieht es so aus als k\u00f6nnten wir auch wieder mehr machen als im letzten Jahr. Wie auch zu den anderen Festen gibt es auch zu Ostern einige bekanntere und auch einige weniger bekannte Br\u00e4uche und Traditionen.<\/p>\n\n\n\n<h3 class=\"wp-block-heading\">Die Fastenzeit<\/h3>\n\n\n\n<p>Ein christlicher Brauch ist, vor dem Osterfest f\u00fcr 40 Tage zu fasten. Das tun inzwischen zwar immer weniger Leute, mit einer Ausnahme, dem  Gr\u00fcndonnerstag, wo traditionell kein Fleisch gegessen wird. Die Fastenzeit kann man \u00fcbrigens nicht nur f\u00fcr das Fasten vom Essen nutzen, sondern auch f\u00fcr andere Dinge, von denen man mal versuchen m\u00f6chte wegzukommen.<\/p>\n\n\n\n<h3 class=\"wp-block-heading\">Der Osterhase<\/h3>\n\n\n\n<p>Zu Weihnachten das Christkind, zu Ostern der Osterhase. Am Morgen des Ostersonntag wachen viele Kinder besonders fr\u00fch auf, um die versteckten Geschenke, &#8222;Osternesterl&#8220;, vom Osterhasen zu suchen. Meistens sind in diesen Osternesterln Kleinigkeiten wie Schokolade, Ostereier und andere kleine S\u00fc\u00dfigkeiten.<\/p>\n\n\n\n<h3 class=\"wp-block-heading\">Das Osterlamm<\/h3>\n\n\n\n<p>Eine der beliebtesten Mehlspeisen zur Osterzeit ist das Osterlamm &#8211; leckerer \u00d6l- oder Biskuitkuchen, der in der Backform eines Lamms gebacken wird. Diese gibt es in verschiedenen Gr\u00f6\u00dfen und Formen, manchmal sogar in einer Hasen- statt der Traditionellen Lammform. Vor allem wenn G\u00e4ste da sind, gibt es diese Leckerei.<\/p>\n\n\n\n<h3 class=\"wp-block-heading\">Das Osterei<\/h3>\n\n\n\n<p>Unter Ostereiern versteht man hartgekochte, bunt gef\u00e4rbte Eier. Um die Osterzeit gibt es sie in jedem Supermarkt zu kaufen, aber traditionell f\u00e4rbt man sie zuhause selbst. Vor allem f\u00fcr Kinder ist das eine lustige Besch\u00e4ftigung, da man seiner Kreativit\u00e4t freien lauf lassen kann, und dann am Ende sogar eine leckere Jause daraus bekommt.<\/p>\n\n\n\n<h3 class=\"wp-block-heading\">Osterm\u00e4rkte<\/h3>\n\n\n\n<p>\u00c4hnlich dem Weihnachtsmarkt gibt es inzwischen auch immer mehr Osterm\u00e4rkte. An ein bis zwei Tagen um die Osterzeit gibt es in einigen Gegenden einen Markt, bei dem vor allem Geb\u00e4ck und Osterdekorationen verkauft werden.<\/p>\n\n\n\n<h3 class=\"wp-block-heading\">Osterbaum<\/h3>\n\n\n\n<p>Palmk\u00e4tzchen sind ein Symbol des Fr\u00fchlings, und auch ein Symbol von Ostern. Am Palmsonntag werden in ganz \u00d6sterreich Str\u00e4u\u00dfe dieser Palmk\u00e4tzchen farbenfroh dekoriert und oftmals auch geweiht. Diese Str\u00e4u\u00dfe, die oft an Hauseing\u00e4ngen stehen, werden auch Osterb\u00e4ume genannt.<\/p>\n<div class=\"pvc_clear\"><\/div><p id=\"pvc_stats_9148\" class=\"pvc_stats total_only  \" data-element-id=\"9148\" style=\"\"><i class=\"pvc-stats-icon medium\" aria-hidden=\"true\"><svg aria-hidden=\"true\" focusable=\"false\" data-prefix=\"far\" data-icon=\"chart-bar\" role=\"img\" xmlns=\"http:\/\/www.w3.org\/2000\/svg\" viewBox=\"0 0 512 512\" class=\"svg-inline--fa fa-chart-bar fa-w-16 fa-2x\"><path fill=\"currentColor\" d=\"M396.8 352h22.4c6.4 0 12.8-6.4 12.8-12.8V108.8c0-6.4-6.4-12.8-12.8-12.8h-22.4c-6.4 0-12.8 6.4-12.8 12.8v230.4c0 6.4 6.4 12.8 12.8 12.8zm-192 0h22.4c6.4 0 12.8-6.4 12.8-12.8V140.8c0-6.4-6.4-12.8-12.8-12.8h-22.4c-6.4 0-12.8 6.4-12.8 12.8v198.4c0 6.4 6.4 12.8 12.8 12.8zm96 0h22.4c6.4 0 12.8-6.4 12.8-12.8V204.8c0-6.4-6.4-12.8-12.8-12.8h-22.4c-6.4 0-12.8 6.4-12.8 12.8v134.4c0 6.4 6.4 12.8 12.8 12.8zM496 400H48V80c0-8.84-7.16-16-16-16H16C7.16 64 0 71.16 0 80v336c0 17.67 14.33 32 32 32h464c8.84 0 16-7.16 16-16v-16c0-8.84-7.16-16-16-16zm-387.2-48h22.4c6.4 0 12.8-6.4 12.8-12.8v-70.4c0-6.4-6.4-12.8-12.8-12.8h-22.4c-6.4 0-12.8 6.4-12.8 12.8v70.4c0 6.4 6.4 12.8 12.8 12.8z\" class=\"\"><\/path><\/svg><\/i> <img loading=\"lazy\" decoding=\"async\" width=\"16\" height=\"16\" alt=\"Loading\" src=\"https:\/\/wordpress.hak-steyr.at\/insight7\/wp-content\/plugins\/page-views-count\/ajax-loader-2x.gif\" border=0 \/><\/p><div class=\"pvc_clear\"><\/div>","protected":false},"excerpt":{"rendered":"<p>Ostern steht vor der T\u00fcr und mit gelockerten Corona Regelungen sieht es so aus als k\u00f6nnten wir auch wieder mehr machen als im letzten Jahr. Wie auch zu den anderen Festen gibt es auch zu Ostern einige bekanntere und auch einige weniger bekannte Br\u00e4uche und Traditionen. Die Fastenzeit Ein christlicher Brauch ist, vor dem Osterfest [&hellip;]<\/p>\n","protected":false},"author":30,"featured_media":9158,"comment_status":"closed","ping_status":"closed","sticky":false,"template":"","format":"standard","meta":{"footnotes":""},"categories":[148],"tags":[],"class_list":["post-9148","post","type-post","status-publish","format-standard","has-post-thumbnail","hentry","category-campus"],"yoast_head":"<!-- This site is optimized with the Yoast SEO plugin v26.1.1 - https:\/\/yoast.com\/wordpress\/plugins\/seo\/ -->\n<title>Osterbr\u00e4uche \u00d6sterreichs - insight7<\/title>\n<meta name=\"robots\" content=\"index, follow, max-snippet:-1, max-image-preview:large, max-video-preview:-1\" \/>\n<link rel=\"canonical\" href=\"https:\/\/wordpress.hak-steyr.at\/insight7\/2022\/04\/07\/osterbraeuche-oesterreichs\/\" \/>\n<meta property=\"og:locale\" content=\"de_DE\" \/>\n<meta property=\"og:type\" content=\"article\" \/>\n<meta property=\"og:title\" content=\"Osterbr\u00e4uche \u00d6sterreichs - insight7\" \/>\n<meta property=\"og:description\" content=\"Ostern steht vor der T\u00fcr und mit gelockerten Corona Regelungen sieht es so aus als k\u00f6nnten wir auch wieder mehr machen als im letzten Jahr. Wie auch zu den anderen Festen gibt es auch zu Ostern einige bekanntere und auch einige weniger bekannte Br\u00e4uche und Traditionen. Die Fastenzeit Ein christlicher Brauch ist, vor dem Osterfest [&hellip;]\" \/>\n<meta property=\"og:url\" content=\"https:\/\/wordpress.hak-steyr.at\/insight7\/2022\/04\/07\/osterbraeuche-oesterreichs\/\" \/>\n<meta property=\"og:site_name\" content=\"insight7\" \/>\n<meta property=\"article:published_time\" content=\"2022-04-07T07:00:00+00:00\" \/>\n<meta property=\"og:image\" content=\"https:\/\/wordpress.hak-steyr.at\/insight7\/wp-content\/uploads\/2022\/04\/Ostern-1024x766.png\" \/>\n\t<meta property=\"og:image:width\" content=\"1024\" \/>\n\t<meta property=\"og:image:height\" content=\"766\" \/>\n\t<meta property=\"og:image:type\" content=\"image\/png\" \/>\n<meta name=\"author\" content=\"Redakteur.in Insight7\" \/>\n<meta name=\"twitter:card\" content=\"summary_large_image\" \/>\n<meta name=\"twitter:label1\" content=\"Verfasst von\" \/>\n\t<meta name=\"twitter:data1\" content=\"Redakteur.in Insight7\" \/>\n\t<meta name=\"twitter:label2\" content=\"Gesch\u00e4tzte Lesezeit\" \/>\n\t<meta name=\"twitter:data2\" content=\"2\u00a0Minuten\" \/>\n<script type=\"application\/ld+json\" class=\"yoast-schema-graph\">{\"@context\":\"https:\/\/schema.org\",\"@graph\":[{\"@type\":\"Article\",\"@id\":\"https:\/\/wordpress.hak-steyr.at\/insight7\/2022\/04\/07\/osterbraeuche-oesterreichs\/#article\",\"isPartOf\":{\"@id\":\"https:\/\/wordpress.hak-steyr.at\/insight7\/2022\/04\/07\/osterbraeuche-oesterreichs\/\"},\"author\":{\"name\":\"Redakteur.in Insight7\",\"@id\":\"https:\/\/wordpress.hak-steyr.at\/insight7\/#\/schema\/person\/0a70a0a982d4f8b4a84fea55af6f09df\"},\"headline\":\"Osterbr\u00e4uche \u00d6sterreichs\",\"datePublished\":\"2022-04-07T07:00:00+00:00\",\"mainEntityOfPage\":{\"@id\":\"https:\/\/wordpress.hak-steyr.at\/insight7\/2022\/04\/07\/osterbraeuche-oesterreichs\/\"},\"wordCount\":356,\"publisher\":{\"@id\":\"https:\/\/wordpress.hak-steyr.at\/insight7\/#organization\"},\"image\":{\"@id\":\"https:\/\/wordpress.hak-steyr.at\/insight7\/2022\/04\/07\/osterbraeuche-oesterreichs\/#primaryimage\"},\"thumbnailUrl\":\"https:\/\/wordpress.hak-steyr.at\/insight7\/wp-content\/uploads\/2022\/04\/Ostern.png\",\"articleSection\":[\"Campus Life\"],\"inLanguage\":\"de\"},{\"@type\":\"WebPage\",\"@id\":\"https:\/\/wordpress.hak-steyr.at\/insight7\/2022\/04\/07\/osterbraeuche-oesterreichs\/\",\"url\":\"https:\/\/wordpress.hak-steyr.at\/insight7\/2022\/04\/07\/osterbraeuche-oesterreichs\/\",\"name\":\"Osterbr\u00e4uche \u00d6sterreichs - insight7\",\"isPartOf\":{\"@id\":\"https:\/\/wordpress.hak-steyr.at\/insight7\/#website\"},\"primaryImageOfPage\":{\"@id\":\"https:\/\/wordpress.hak-steyr.at\/insight7\/2022\/04\/07\/osterbraeuche-oesterreichs\/#primaryimage\"},\"image\":{\"@id\":\"https:\/\/wordpress.hak-steyr.at\/insight7\/2022\/04\/07\/osterbraeuche-oesterreichs\/#primaryimage\"},\"thumbnailUrl\":\"https:\/\/wordpress.hak-steyr.at\/insight7\/wp-content\/uploads\/2022\/04\/Ostern.png\",\"datePublished\":\"2022-04-07T07:00:00+00:00\",\"breadcrumb\":{\"@id\":\"https:\/\/wordpress.hak-steyr.at\/insight7\/2022\/04\/07\/osterbraeuche-oesterreichs\/#breadcrumb\"},\"inLanguage\":\"de\",\"potentialAction\":[{\"@type\":\"ReadAction\",\"target\":[\"https:\/\/wordpress.hak-steyr.at\/insight7\/2022\/04\/07\/osterbraeuche-oesterreichs\/\"]}]},{\"@type\":\"ImageObject\",\"inLanguage\":\"de\",\"@id\":\"https:\/\/wordpress.hak-steyr.at\/insight7\/2022\/04\/07\/osterbraeuche-oesterreichs\/#primaryimage\",\"url\":\"https:\/\/wordpress.hak-steyr.at\/insight7\/wp-content\/uploads\/2022\/04\/Ostern.png\",\"contentUrl\":\"https:\/\/wordpress.hak-steyr.at\/insight7\/wp-content\/uploads\/2022\/04\/Ostern.png\",\"width\":1654,\"height\":1238},{\"@type\":\"BreadcrumbList\",\"@id\":\"https:\/\/wordpress.hak-steyr.at\/insight7\/2022\/04\/07\/osterbraeuche-oesterreichs\/#breadcrumb\",\"itemListElement\":[{\"@type\":\"ListItem\",\"position\":1,\"name\":\"Startseite\",\"item\":\"https:\/\/wordpress.hak-steyr.at\/insight7\/\"},{\"@type\":\"ListItem\",\"position\":2,\"name\":\"Osterbr\u00e4uche \u00d6sterreichs\"}]},{\"@type\":\"WebSite\",\"@id\":\"https:\/\/wordpress.hak-steyr.at\/insight7\/#website\",\"url\":\"https:\/\/wordpress.hak-steyr.at\/insight7\/\",\"name\":\"insight7\",\"description\":\"Onlinesch\u00fclerzeitung der BHAK\/BHAS Steyr\",\"publisher\":{\"@id\":\"https:\/\/wordpress.hak-steyr.at\/insight7\/#organization\"},\"potentialAction\":[{\"@type\":\"SearchAction\",\"target\":{\"@type\":\"EntryPoint\",\"urlTemplate\":\"https:\/\/wordpress.hak-steyr.at\/insight7\/?s={search_term_string}\"},\"query-input\":{\"@type\":\"PropertyValueSpecification\",\"valueRequired\":true,\"valueName\":\"search_term_string\"}}],\"inLanguage\":\"de\"},{\"@type\":\"Organization\",\"@id\":\"https:\/\/wordpress.hak-steyr.at\/insight7\/#organization\",\"name\":\"Sch\u00fclerzeitung der HAK\/HAS Steyr\",\"url\":\"https:\/\/wordpress.hak-steyr.at\/insight7\/\",\"logo\":{\"@type\":\"ImageObject\",\"inLanguage\":\"de\",\"@id\":\"https:\/\/wordpress.hak-steyr.at\/insight7\/#\/schema\/logo\/image\/\",\"url\":\"https:\/\/wordpress.hak-steyr.at\/insight7\/wp-content\/uploads\/2025\/03\/Quadrat_HAKhoodie.jpg\",\"contentUrl\":\"https:\/\/wordpress.hak-steyr.at\/insight7\/wp-content\/uploads\/2025\/03\/Quadrat_HAKhoodie.jpg\",\"width\":1181,\"height\":1181,\"caption\":\"Sch\u00fclerzeitung der HAK\/HAS Steyr\"},\"image\":{\"@id\":\"https:\/\/wordpress.hak-steyr.at\/insight7\/#\/schema\/logo\/image\/\"}},{\"@type\":\"Person\",\"@id\":\"https:\/\/wordpress.hak-steyr.at\/insight7\/#\/schema\/person\/0a70a0a982d4f8b4a84fea55af6f09df\",\"name\":\"Redakteur.in Insight7\",\"url\":\"https:\/\/wordpress.hak-steyr.at\/insight7\/author\/redakteurin-insight7\/\"}]}<\/script>\n<!-- \/ Yoast SEO plugin. -->","yoast_head_json":{"title":"Osterbr\u00e4uche \u00d6sterreichs - insight7","robots":{"index":"index","follow":"follow","max-snippet":"max-snippet:-1","max-image-preview":"max-image-preview:large","max-video-preview":"max-video-preview:-1"},"canonical":"https:\/\/wordpress.hak-steyr.at\/insight7\/2022\/04\/07\/osterbraeuche-oesterreichs\/","og_locale":"de_DE","og_type":"article","og_title":"Osterbr\u00e4uche \u00d6sterreichs - insight7","og_description":"Ostern steht vor der T\u00fcr und mit gelockerten Corona Regelungen sieht es so aus als k\u00f6nnten wir auch wieder mehr machen als im letzten Jahr. Wie auch zu den anderen Festen gibt es auch zu Ostern einige bekanntere und auch einige weniger bekannte Br\u00e4uche und Traditionen. Die Fastenzeit Ein christlicher Brauch ist, vor dem Osterfest [&hellip;]","og_url":"https:\/\/wordpress.hak-steyr.at\/insight7\/2022\/04\/07\/osterbraeuche-oesterreichs\/","og_site_name":"insight7","article_published_time":"2022-04-07T07:00:00+00:00","og_image":[{"width":1024,"height":766,"url":"https:\/\/wordpress.hak-steyr.at\/insight7\/wp-content\/uploads\/2022\/04\/Ostern-1024x766.png","type":"image\/png"}],"author":"Redakteur.in Insight7","twitter_card":"summary_large_image","twitter_misc":{"Verfasst von":"Redakteur.in Insight7","Gesch\u00e4tzte Lesezeit":"2\u00a0Minuten"},"schema":{"@context":"https:\/\/schema.org","@graph":[{"@type":"Article","@id":"https:\/\/wordpress.hak-steyr.at\/insight7\/2022\/04\/07\/osterbraeuche-oesterreichs\/#article","isPartOf":{"@id":"https:\/\/wordpress.hak-steyr.at\/insight7\/2022\/04\/07\/osterbraeuche-oesterreichs\/"},"author":{"name":"Redakteur.in Insight7","@id":"https:\/\/wordpress.hak-steyr.at\/insight7\/#\/schema\/person\/0a70a0a982d4f8b4a84fea55af6f09df"},"headline":"Osterbr\u00e4uche \u00d6sterreichs","datePublished":"2022-04-07T07:00:00+00:00","mainEntityOfPage":{"@id":"https:\/\/wordpress.hak-steyr.at\/insight7\/2022\/04\/07\/osterbraeuche-oesterreichs\/"},"wordCount":356,"publisher":{"@id":"https:\/\/wordpress.hak-steyr.at\/insight7\/#organization"},"image":{"@id":"https:\/\/wordpress.hak-steyr.at\/insight7\/2022\/04\/07\/osterbraeuche-oesterreichs\/#primaryimage"},"thumbnailUrl":"https:\/\/wordpress.hak-steyr.at\/insight7\/wp-content\/uploads\/2022\/04\/Ostern.png","articleSection":["Campus Life"],"inLanguage":"de"},{"@type":"WebPage","@id":"https:\/\/wordpress.hak-steyr.at\/insight7\/2022\/04\/07\/osterbraeuche-oesterreichs\/","url":"https:\/\/wordpress.hak-steyr.at\/insight7\/2022\/04\/07\/osterbraeuche-oesterreichs\/","name":"Osterbr\u00e4uche \u00d6sterreichs - insight7","isPartOf":{"@id":"https:\/\/wordpress.hak-steyr.at\/insight7\/#website"},"primaryImageOfPage":{"@id":"https:\/\/wordpress.hak-steyr.at\/insight7\/2022\/04\/07\/osterbraeuche-oesterreichs\/#primaryimage"},"image":{"@id":"https:\/\/wordpress.hak-steyr.at\/insight7\/2022\/04\/07\/osterbraeuche-oesterreichs\/#primaryimage"},"thumbnailUrl":"https:\/\/wordpress.hak-steyr.at\/insight7\/wp-content\/uploads\/2022\/04\/Ostern.png","datePublished":"2022-04-07T07:00:00+00:00","breadcrumb":{"@id":"https:\/\/wordpress.hak-steyr.at\/insight7\/2022\/04\/07\/osterbraeuche-oesterreichs\/#breadcrumb"},"inLanguage":"de","potentialAction":[{"@type":"ReadAction","target":["https:\/\/wordpress.hak-steyr.at\/insight7\/2022\/04\/07\/osterbraeuche-oesterreichs\/"]}]},{"@type":"ImageObject","inLanguage":"de","@id":"https:\/\/wordpress.hak-steyr.at\/insight7\/2022\/04\/07\/osterbraeuche-oesterreichs\/#primaryimage","url":"https:\/\/wordpress.hak-steyr.at\/insight7\/wp-content\/uploads\/2022\/04\/Ostern.png","contentUrl":"https:\/\/wordpress.hak-steyr.at\/insight7\/wp-content\/uploads\/2022\/04\/Ostern.png","width":1654,"height":1238},{"@type":"BreadcrumbList","@id":"https:\/\/wordpress.hak-steyr.at\/insight7\/2022\/04\/07\/osterbraeuche-oesterreichs\/#breadcrumb","itemListElement":[{"@type":"ListItem","position":1,"name":"Startseite","item":"https:\/\/wordpress.hak-steyr.at\/insight7\/"},{"@type":"ListItem","position":2,"name":"Osterbr\u00e4uche \u00d6sterreichs"}]},{"@type":"WebSite","@id":"https:\/\/wordpress.hak-steyr.at\/insight7\/#website","url":"https:\/\/wordpress.hak-steyr.at\/insight7\/","name":"insight7","description":"Onlinesch\u00fclerzeitung der BHAK\/BHAS Steyr","publisher":{"@id":"https:\/\/wordpress.hak-steyr.at\/insight7\/#organization"},"potentialAction":[{"@type":"SearchAction","target":{"@type":"EntryPoint","urlTemplate":"https:\/\/wordpress.hak-steyr.at\/insight7\/?s={search_term_string}"},"query-input":{"@type":"PropertyValueSpecification","valueRequired":true,"valueName":"search_term_string"}}],"inLanguage":"de"},{"@type":"Organization","@id":"https:\/\/wordpress.hak-steyr.at\/insight7\/#organization","name":"Sch\u00fclerzeitung der HAK\/HAS Steyr","url":"https:\/\/wordpress.hak-steyr.at\/insight7\/","logo":{"@type":"ImageObject","inLanguage":"de","@id":"https:\/\/wordpress.hak-steyr.at\/insight7\/#\/schema\/logo\/image\/","url":"https:\/\/wordpress.hak-steyr.at\/insight7\/wp-content\/uploads\/2025\/03\/Quadrat_HAKhoodie.jpg","contentUrl":"https:\/\/wordpress.hak-steyr.at\/insight7\/wp-content\/uploads\/2025\/03\/Quadrat_HAKhoodie.jpg","width":1181,"height":1181,"caption":"Sch\u00fclerzeitung der HAK\/HAS Steyr"},"image":{"@id":"https:\/\/wordpress.hak-steyr.at\/insight7\/#\/schema\/logo\/image\/"}},{"@type":"Person","@id":"https:\/\/wordpress.hak-steyr.at\/insight7\/#\/schema\/person\/0a70a0a982d4f8b4a84fea55af6f09df","name":"Redakteur.in Insight7","url":"https:\/\/wordpress.hak-steyr.at\/insight7\/author\/redakteurin-insight7\/"}]}},"_links":{"self":[{"href":"https:\/\/wordpress.hak-steyr.at\/insight7\/wp-json\/wp\/v2\/posts\/9148","targetHints":{"allow":["GET"]}}],"collection":[{"href":"https:\/\/wordpress.hak-steyr.at\/insight7\/wp-json\/wp\/v2\/posts"}],"about":[{"href":"https:\/\/wordpress.hak-steyr.at\/insight7\/wp-json\/wp\/v2\/types\/post"}],"author":[{"embeddable":true,"href":"https:\/\/wordpress.hak-steyr.at\/insight7\/wp-json\/wp\/v2\/users\/30"}],"replies":[{"embeddable":true,"href":"https:\/\/wordpress.hak-steyr.at\/insight7\/wp-json\/wp\/v2\/comments?post=9148"}],"version-history":[{"count":1,"href":"https:\/\/wordpress.hak-steyr.at\/insight7\/wp-json\/wp\/v2\/posts\/9148\/revisions"}],"predecessor-version":[{"id":9156,"href":"https:\/\/wordpress.hak-steyr.at\/insight7\/wp-json\/wp\/v2\/posts\/9148\/revisions\/9156"}],"wp:featuredmedia":[{"embeddable":true,"href":"https:\/\/wordpress.hak-steyr.at\/insight7\/wp-json\/wp\/v2\/media\/9158"}],"wp:attachment":[{"href":"https:\/\/wordpress.hak-steyr.at\/insight7\/wp-json\/wp\/v2\/media?parent=9148"}],"wp:term":[{"taxonomy":"category","embeddable":true,"href":"https:\/\/wordpress.hak-steyr.at\/insight7\/wp-json\/wp\/v2\/categories?post=9148"},{"taxonomy":"post_tag","embeddable":true,"href":"https:\/\/wordpress.hak-steyr.at\/insight7\/wp-json\/wp\/v2\/tags?post=9148"}],"curies":[{"name":"wp","href":"https:\/\/api.w.org\/{rel}","templated":true}]}}