{"id":9518,"date":"2023-01-30T14:53:09","date_gmt":"2023-01-30T13:53:09","guid":{"rendered":"https:\/\/wordpress.hak-steyr.at\/insight7\/?p=9518"},"modified":"2023-01-30T14:54:21","modified_gmt":"2023-01-30T13:54:21","slug":"markenkleidung","status":"publish","type":"post","link":"https:\/\/wordpress.hak-steyr.at\/insight7\/2023\/01\/30\/markenkleidung\/","title":{"rendered":"Markenkleidung"},"content":{"rendered":"\n<p><strong>Ist der Preis es wirklich wert?<\/strong><\/p>\n\n\n\n<p>Die Anzahl von Jugendlichen die keine Markenkleidung tragen wird immer weniger. Kaum setzt man einen Schritt in die Schule funkeln schon die Markenlogos wie Gucci oder Louis Vuitton ins Auge. Aber ist es wirklich nur ein Statussymbol oder ist der Kauf von teuren Labels qualit\u00e4tsabh\u00e4ngig?<\/p>\n\n\n\n<p><strong>Nur ein Statussymbol?<\/strong><\/p>\n\n\n\n<p>Die Meisten tragen kaum Sachen in denen sie sich wohlf\u00fchlen, denn der Preis macht heutzutage das Wohlbefinden aus. Bei vielen Jugendlichen entsteht der Wunsch nach Markenkleidung nicht weil sie es toll finden. Viele wollen einfach mit ihren Freunden oder Mitsch\u00fcler mithalten und zeigen, dass sie auch in der Lage sind so ein teures Produkt zu kaufen. Der Eintritt in Gruppen wird heutzutage durch Kleidung leichter gemacht als fr\u00fcher. Der Zwang finanziell gut dar zu stehen ist durch die Markenkleidung in den letzten Jahren enorm gestiegen.<\/p>\n\n\n\n<p><strong>Ist die Qualit\u00e4t den Preis wert?<\/strong><\/p>\n\n\n\n<p>Von der Qualit\u00e4t her unterscheiden sich teure Markenprodukte und billige Discounter-Produkte kaum. Wer aber mit dem Gewissen, dass sichere Arbeitsbedingungen und faire Bezahlung&nbsp;dahinter steckt etwas kaufen will, der greift bei teurer Kleidung richtig zu. Trotzdem kommen immer mehr Marken auf den Markt die billig aber fair hergestellt werden. Egal ob reich oder arm, die Menschen setzten nur noch auf teure Modelabels, in der Hoffnung, dass sie qualitativ hochwertiger und von der Passform besser geschnitten sind. Wenn man sich \u00fcberteuerte Klamotten kauft m\u00fcssen sie ja fast in allen Kategorien besser als die Billigen sein. Ein Vorteil von Modemarken ist zum Beispiel, dass sie mehrere Waschg\u00e4nge \u00fcberstehen ohne besch\u00e4digt zu werden.<\/p>\n\n\n\n<p>Generell muss es aber jede Person selber wissen welche Art von Kleidung sie tragen will. Denn egal ob teuer oder billig, schlussendlich haben beide ihre Vor- und Nachteile.<\/p>\n<div class=\"pvc_clear\"><\/div><p id=\"pvc_stats_9518\" class=\"pvc_stats total_only  \" data-element-id=\"9518\" style=\"\"><i class=\"pvc-stats-icon medium\" aria-hidden=\"true\"><svg aria-hidden=\"true\" focusable=\"false\" data-prefix=\"far\" data-icon=\"chart-bar\" role=\"img\" xmlns=\"http:\/\/www.w3.org\/2000\/svg\" viewBox=\"0 0 512 512\" class=\"svg-inline--fa fa-chart-bar fa-w-16 fa-2x\"><path fill=\"currentColor\" d=\"M396.8 352h22.4c6.4 0 12.8-6.4 12.8-12.8V108.8c0-6.4-6.4-12.8-12.8-12.8h-22.4c-6.4 0-12.8 6.4-12.8 12.8v230.4c0 6.4 6.4 12.8 12.8 12.8zm-192 0h22.4c6.4 0 12.8-6.4 12.8-12.8V140.8c0-6.4-6.4-12.8-12.8-12.8h-22.4c-6.4 0-12.8 6.4-12.8 12.8v198.4c0 6.4 6.4 12.8 12.8 12.8zm96 0h22.4c6.4 0 12.8-6.4 12.8-12.8V204.8c0-6.4-6.4-12.8-12.8-12.8h-22.4c-6.4 0-12.8 6.4-12.8 12.8v134.4c0 6.4 6.4 12.8 12.8 12.8zM496 400H48V80c0-8.84-7.16-16-16-16H16C7.16 64 0 71.16 0 80v336c0 17.67 14.33 32 32 32h464c8.84 0 16-7.16 16-16v-16c0-8.84-7.16-16-16-16zm-387.2-48h22.4c6.4 0 12.8-6.4 12.8-12.8v-70.4c0-6.4-6.4-12.8-12.8-12.8h-22.4c-6.4 0-12.8 6.4-12.8 12.8v70.4c0 6.4 6.4 12.8 12.8 12.8z\" class=\"\"><\/path><\/svg><\/i> <img loading=\"lazy\" decoding=\"async\" width=\"16\" height=\"16\" alt=\"Loading\" src=\"https:\/\/wordpress.hak-steyr.at\/insight7\/wp-content\/plugins\/page-views-count\/ajax-loader-2x.gif\" border=0 \/><\/p><div class=\"pvc_clear\"><\/div>","protected":false},"excerpt":{"rendered":"<p>Ist der Preis es wirklich wert? Die Anzahl von Jugendlichen die keine Markenkleidung tragen wird immer weniger. Kaum setzt man einen Schritt in die Schule funkeln schon die Markenlogos wie Gucci oder Louis Vuitton ins Auge. Aber ist es wirklich nur ein Statussymbol oder ist der Kauf von teuren Labels qualit\u00e4tsabh\u00e4ngig? Nur ein Statussymbol? Die [&hellip;]<\/p>\n","protected":false},"author":30,"featured_media":9521,"comment_status":"closed","ping_status":"closed","sticky":false,"template":"","format":"standard","meta":{"footnotes":""},"categories":[150,149],"tags":[],"class_list":["post-9518","post","type-post","status-publish","format-standard","has-post-thumbnail","hentry","category-eco","category-ops"],"yoast_head":"<!-- This site is optimized with the Yoast SEO plugin v26.1.1 - https:\/\/yoast.com\/wordpress\/plugins\/seo\/ -->\n<title>Markenkleidung - insight7<\/title>\n<meta name=\"robots\" content=\"index, follow, max-snippet:-1, max-image-preview:large, max-video-preview:-1\" \/>\n<link rel=\"canonical\" href=\"https:\/\/wordpress.hak-steyr.at\/insight7\/2023\/01\/30\/markenkleidung\/\" \/>\n<meta property=\"og:locale\" content=\"de_DE\" \/>\n<meta property=\"og:type\" content=\"article\" \/>\n<meta property=\"og:title\" content=\"Markenkleidung - insight7\" \/>\n<meta property=\"og:description\" content=\"Ist der Preis es wirklich wert? Die Anzahl von Jugendlichen die keine Markenkleidung tragen wird immer weniger. Kaum setzt man einen Schritt in die Schule funkeln schon die Markenlogos wie Gucci oder Louis Vuitton ins Auge. Aber ist es wirklich nur ein Statussymbol oder ist der Kauf von teuren Labels qualit\u00e4tsabh\u00e4ngig? Nur ein Statussymbol? Die [&hellip;]\" \/>\n<meta property=\"og:url\" content=\"https:\/\/wordpress.hak-steyr.at\/insight7\/2023\/01\/30\/markenkleidung\/\" \/>\n<meta property=\"og:site_name\" content=\"insight7\" \/>\n<meta property=\"article:published_time\" content=\"2023-01-30T13:53:09+00:00\" \/>\n<meta property=\"article:modified_time\" content=\"2023-01-30T13:54:21+00:00\" \/>\n<meta property=\"og:image\" content=\"https:\/\/wordpress.hak-steyr.at\/insight7\/wp-content\/uploads\/2023\/01\/WhatsApp-Bild-2023-01-30-um-14.27.44.jpg\" \/>\n\t<meta property=\"og:image:width\" content=\"1066\" \/>\n\t<meta property=\"og:image:height\" content=\"1600\" \/>\n\t<meta property=\"og:image:type\" content=\"image\/jpeg\" \/>\n<meta name=\"author\" content=\"Redakteur.in Insight7\" \/>\n<meta name=\"twitter:card\" content=\"summary_large_image\" \/>\n<meta name=\"twitter:label1\" content=\"Verfasst von\" \/>\n\t<meta name=\"twitter:data1\" content=\"Redakteur.in Insight7\" \/>\n\t<meta name=\"twitter:label2\" content=\"Gesch\u00e4tzte Lesezeit\" \/>\n\t<meta name=\"twitter:data2\" content=\"1\u00a0Minute\" \/>\n<script type=\"application\/ld+json\" class=\"yoast-schema-graph\">{\"@context\":\"https:\/\/schema.org\",\"@graph\":[{\"@type\":\"Article\",\"@id\":\"https:\/\/wordpress.hak-steyr.at\/insight7\/2023\/01\/30\/markenkleidung\/#article\",\"isPartOf\":{\"@id\":\"https:\/\/wordpress.hak-steyr.at\/insight7\/2023\/01\/30\/markenkleidung\/\"},\"author\":{\"name\":\"Redakteur.in Insight7\",\"@id\":\"https:\/\/wordpress.hak-steyr.at\/insight7\/#\/schema\/person\/0a70a0a982d4f8b4a84fea55af6f09df\"},\"headline\":\"Markenkleidung\",\"datePublished\":\"2023-01-30T13:53:09+00:00\",\"dateModified\":\"2023-01-30T13:54:21+00:00\",\"mainEntityOfPage\":{\"@id\":\"https:\/\/wordpress.hak-steyr.at\/insight7\/2023\/01\/30\/markenkleidung\/\"},\"wordCount\":295,\"publisher\":{\"@id\":\"https:\/\/wordpress.hak-steyr.at\/insight7\/#organization\"},\"image\":{\"@id\":\"https:\/\/wordpress.hak-steyr.at\/insight7\/2023\/01\/30\/markenkleidung\/#primaryimage\"},\"thumbnailUrl\":\"https:\/\/wordpress.hak-steyr.at\/insight7\/wp-content\/uploads\/2023\/01\/WhatsApp-Bild-2023-01-30-um-14.27.44.jpg\",\"articleSection\":[\"Economy\",\"Opinions\"],\"inLanguage\":\"de\"},{\"@type\":\"WebPage\",\"@id\":\"https:\/\/wordpress.hak-steyr.at\/insight7\/2023\/01\/30\/markenkleidung\/\",\"url\":\"https:\/\/wordpress.hak-steyr.at\/insight7\/2023\/01\/30\/markenkleidung\/\",\"name\":\"Markenkleidung - insight7\",\"isPartOf\":{\"@id\":\"https:\/\/wordpress.hak-steyr.at\/insight7\/#website\"},\"primaryImageOfPage\":{\"@id\":\"https:\/\/wordpress.hak-steyr.at\/insight7\/2023\/01\/30\/markenkleidung\/#primaryimage\"},\"image\":{\"@id\":\"https:\/\/wordpress.hak-steyr.at\/insight7\/2023\/01\/30\/markenkleidung\/#primaryimage\"},\"thumbnailUrl\":\"https:\/\/wordpress.hak-steyr.at\/insight7\/wp-content\/uploads\/2023\/01\/WhatsApp-Bild-2023-01-30-um-14.27.44.jpg\",\"datePublished\":\"2023-01-30T13:53:09+00:00\",\"dateModified\":\"2023-01-30T13:54:21+00:00\",\"breadcrumb\":{\"@id\":\"https:\/\/wordpress.hak-steyr.at\/insight7\/2023\/01\/30\/markenkleidung\/#breadcrumb\"},\"inLanguage\":\"de\",\"potentialAction\":[{\"@type\":\"ReadAction\",\"target\":[\"https:\/\/wordpress.hak-steyr.at\/insight7\/2023\/01\/30\/markenkleidung\/\"]}]},{\"@type\":\"ImageObject\",\"inLanguage\":\"de\",\"@id\":\"https:\/\/wordpress.hak-steyr.at\/insight7\/2023\/01\/30\/markenkleidung\/#primaryimage\",\"url\":\"https:\/\/wordpress.hak-steyr.at\/insight7\/wp-content\/uploads\/2023\/01\/WhatsApp-Bild-2023-01-30-um-14.27.44.jpg\",\"contentUrl\":\"https:\/\/wordpress.hak-steyr.at\/insight7\/wp-content\/uploads\/2023\/01\/WhatsApp-Bild-2023-01-30-um-14.27.44.jpg\",\"width\":1066,\"height\":1600},{\"@type\":\"BreadcrumbList\",\"@id\":\"https:\/\/wordpress.hak-steyr.at\/insight7\/2023\/01\/30\/markenkleidung\/#breadcrumb\",\"itemListElement\":[{\"@type\":\"ListItem\",\"position\":1,\"name\":\"Startseite\",\"item\":\"https:\/\/wordpress.hak-steyr.at\/insight7\/\"},{\"@type\":\"ListItem\",\"position\":2,\"name\":\"Markenkleidung\"}]},{\"@type\":\"WebSite\",\"@id\":\"https:\/\/wordpress.hak-steyr.at\/insight7\/#website\",\"url\":\"https:\/\/wordpress.hak-steyr.at\/insight7\/\",\"name\":\"insight7\",\"description\":\"Onlinesch\u00fclerzeitung der BHAK\/BHAS Steyr\",\"publisher\":{\"@id\":\"https:\/\/wordpress.hak-steyr.at\/insight7\/#organization\"},\"potentialAction\":[{\"@type\":\"SearchAction\",\"target\":{\"@type\":\"EntryPoint\",\"urlTemplate\":\"https:\/\/wordpress.hak-steyr.at\/insight7\/?s={search_term_string}\"},\"query-input\":{\"@type\":\"PropertyValueSpecification\",\"valueRequired\":true,\"valueName\":\"search_term_string\"}}],\"inLanguage\":\"de\"},{\"@type\":\"Organization\",\"@id\":\"https:\/\/wordpress.hak-steyr.at\/insight7\/#organization\",\"name\":\"Sch\u00fclerzeitung der HAK\/HAS Steyr\",\"url\":\"https:\/\/wordpress.hak-steyr.at\/insight7\/\",\"logo\":{\"@type\":\"ImageObject\",\"inLanguage\":\"de\",\"@id\":\"https:\/\/wordpress.hak-steyr.at\/insight7\/#\/schema\/logo\/image\/\",\"url\":\"https:\/\/wordpress.hak-steyr.at\/insight7\/wp-content\/uploads\/2025\/03\/Quadrat_HAKhoodie.jpg\",\"contentUrl\":\"https:\/\/wordpress.hak-steyr.at\/insight7\/wp-content\/uploads\/2025\/03\/Quadrat_HAKhoodie.jpg\",\"width\":1181,\"height\":1181,\"caption\":\"Sch\u00fclerzeitung der HAK\/HAS Steyr\"},\"image\":{\"@id\":\"https:\/\/wordpress.hak-steyr.at\/insight7\/#\/schema\/logo\/image\/\"}},{\"@type\":\"Person\",\"@id\":\"https:\/\/wordpress.hak-steyr.at\/insight7\/#\/schema\/person\/0a70a0a982d4f8b4a84fea55af6f09df\",\"name\":\"Redakteur.in Insight7\",\"url\":\"https:\/\/wordpress.hak-steyr.at\/insight7\/author\/redakteurin-insight7\/\"}]}<\/script>\n<!-- \/ Yoast SEO plugin. -->","yoast_head_json":{"title":"Markenkleidung - insight7","robots":{"index":"index","follow":"follow","max-snippet":"max-snippet:-1","max-image-preview":"max-image-preview:large","max-video-preview":"max-video-preview:-1"},"canonical":"https:\/\/wordpress.hak-steyr.at\/insight7\/2023\/01\/30\/markenkleidung\/","og_locale":"de_DE","og_type":"article","og_title":"Markenkleidung - insight7","og_description":"Ist der Preis es wirklich wert? Die Anzahl von Jugendlichen die keine Markenkleidung tragen wird immer weniger. Kaum setzt man einen Schritt in die Schule funkeln schon die Markenlogos wie Gucci oder Louis Vuitton ins Auge. Aber ist es wirklich nur ein Statussymbol oder ist der Kauf von teuren Labels qualit\u00e4tsabh\u00e4ngig? Nur ein Statussymbol? Die [&hellip;]","og_url":"https:\/\/wordpress.hak-steyr.at\/insight7\/2023\/01\/30\/markenkleidung\/","og_site_name":"insight7","article_published_time":"2023-01-30T13:53:09+00:00","article_modified_time":"2023-01-30T13:54:21+00:00","og_image":[{"width":1066,"height":1600,"url":"https:\/\/wordpress.hak-steyr.at\/insight7\/wp-content\/uploads\/2023\/01\/WhatsApp-Bild-2023-01-30-um-14.27.44.jpg","type":"image\/jpeg"}],"author":"Redakteur.in Insight7","twitter_card":"summary_large_image","twitter_misc":{"Verfasst von":"Redakteur.in Insight7","Gesch\u00e4tzte Lesezeit":"1\u00a0Minute"},"schema":{"@context":"https:\/\/schema.org","@graph":[{"@type":"Article","@id":"https:\/\/wordpress.hak-steyr.at\/insight7\/2023\/01\/30\/markenkleidung\/#article","isPartOf":{"@id":"https:\/\/wordpress.hak-steyr.at\/insight7\/2023\/01\/30\/markenkleidung\/"},"author":{"name":"Redakteur.in Insight7","@id":"https:\/\/wordpress.hak-steyr.at\/insight7\/#\/schema\/person\/0a70a0a982d4f8b4a84fea55af6f09df"},"headline":"Markenkleidung","datePublished":"2023-01-30T13:53:09+00:00","dateModified":"2023-01-30T13:54:21+00:00","mainEntityOfPage":{"@id":"https:\/\/wordpress.hak-steyr.at\/insight7\/2023\/01\/30\/markenkleidung\/"},"wordCount":295,"publisher":{"@id":"https:\/\/wordpress.hak-steyr.at\/insight7\/#organization"},"image":{"@id":"https:\/\/wordpress.hak-steyr.at\/insight7\/2023\/01\/30\/markenkleidung\/#primaryimage"},"thumbnailUrl":"https:\/\/wordpress.hak-steyr.at\/insight7\/wp-content\/uploads\/2023\/01\/WhatsApp-Bild-2023-01-30-um-14.27.44.jpg","articleSection":["Economy","Opinions"],"inLanguage":"de"},{"@type":"WebPage","@id":"https:\/\/wordpress.hak-steyr.at\/insight7\/2023\/01\/30\/markenkleidung\/","url":"https:\/\/wordpress.hak-steyr.at\/insight7\/2023\/01\/30\/markenkleidung\/","name":"Markenkleidung - insight7","isPartOf":{"@id":"https:\/\/wordpress.hak-steyr.at\/insight7\/#website"},"primaryImageOfPage":{"@id":"https:\/\/wordpress.hak-steyr.at\/insight7\/2023\/01\/30\/markenkleidung\/#primaryimage"},"image":{"@id":"https:\/\/wordpress.hak-steyr.at\/insight7\/2023\/01\/30\/markenkleidung\/#primaryimage"},"thumbnailUrl":"https:\/\/wordpress.hak-steyr.at\/insight7\/wp-content\/uploads\/2023\/01\/WhatsApp-Bild-2023-01-30-um-14.27.44.jpg","datePublished":"2023-01-30T13:53:09+00:00","dateModified":"2023-01-30T13:54:21+00:00","breadcrumb":{"@id":"https:\/\/wordpress.hak-steyr.at\/insight7\/2023\/01\/30\/markenkleidung\/#breadcrumb"},"inLanguage":"de","potentialAction":[{"@type":"ReadAction","target":["https:\/\/wordpress.hak-steyr.at\/insight7\/2023\/01\/30\/markenkleidung\/"]}]},{"@type":"ImageObject","inLanguage":"de","@id":"https:\/\/wordpress.hak-steyr.at\/insight7\/2023\/01\/30\/markenkleidung\/#primaryimage","url":"https:\/\/wordpress.hak-steyr.at\/insight7\/wp-content\/uploads\/2023\/01\/WhatsApp-Bild-2023-01-30-um-14.27.44.jpg","contentUrl":"https:\/\/wordpress.hak-steyr.at\/insight7\/wp-content\/uploads\/2023\/01\/WhatsApp-Bild-2023-01-30-um-14.27.44.jpg","width":1066,"height":1600},{"@type":"BreadcrumbList","@id":"https:\/\/wordpress.hak-steyr.at\/insight7\/2023\/01\/30\/markenkleidung\/#breadcrumb","itemListElement":[{"@type":"ListItem","position":1,"name":"Startseite","item":"https:\/\/wordpress.hak-steyr.at\/insight7\/"},{"@type":"ListItem","position":2,"name":"Markenkleidung"}]},{"@type":"WebSite","@id":"https:\/\/wordpress.hak-steyr.at\/insight7\/#website","url":"https:\/\/wordpress.hak-steyr.at\/insight7\/","name":"insight7","description":"Onlinesch\u00fclerzeitung der BHAK\/BHAS Steyr","publisher":{"@id":"https:\/\/wordpress.hak-steyr.at\/insight7\/#organization"},"potentialAction":[{"@type":"SearchAction","target":{"@type":"EntryPoint","urlTemplate":"https:\/\/wordpress.hak-steyr.at\/insight7\/?s={search_term_string}"},"query-input":{"@type":"PropertyValueSpecification","valueRequired":true,"valueName":"search_term_string"}}],"inLanguage":"de"},{"@type":"Organization","@id":"https:\/\/wordpress.hak-steyr.at\/insight7\/#organization","name":"Sch\u00fclerzeitung der HAK\/HAS Steyr","url":"https:\/\/wordpress.hak-steyr.at\/insight7\/","logo":{"@type":"ImageObject","inLanguage":"de","@id":"https:\/\/wordpress.hak-steyr.at\/insight7\/#\/schema\/logo\/image\/","url":"https:\/\/wordpress.hak-steyr.at\/insight7\/wp-content\/uploads\/2025\/03\/Quadrat_HAKhoodie.jpg","contentUrl":"https:\/\/wordpress.hak-steyr.at\/insight7\/wp-content\/uploads\/2025\/03\/Quadrat_HAKhoodie.jpg","width":1181,"height":1181,"caption":"Sch\u00fclerzeitung der HAK\/HAS Steyr"},"image":{"@id":"https:\/\/wordpress.hak-steyr.at\/insight7\/#\/schema\/logo\/image\/"}},{"@type":"Person","@id":"https:\/\/wordpress.hak-steyr.at\/insight7\/#\/schema\/person\/0a70a0a982d4f8b4a84fea55af6f09df","name":"Redakteur.in Insight7","url":"https:\/\/wordpress.hak-steyr.at\/insight7\/author\/redakteurin-insight7\/"}]}},"_links":{"self":[{"href":"https:\/\/wordpress.hak-steyr.at\/insight7\/wp-json\/wp\/v2\/posts\/9518","targetHints":{"allow":["GET"]}}],"collection":[{"href":"https:\/\/wordpress.hak-steyr.at\/insight7\/wp-json\/wp\/v2\/posts"}],"about":[{"href":"https:\/\/wordpress.hak-steyr.at\/insight7\/wp-json\/wp\/v2\/types\/post"}],"author":[{"embeddable":true,"href":"https:\/\/wordpress.hak-steyr.at\/insight7\/wp-json\/wp\/v2\/users\/30"}],"replies":[{"embeddable":true,"href":"https:\/\/wordpress.hak-steyr.at\/insight7\/wp-json\/wp\/v2\/comments?post=9518"}],"version-history":[{"count":2,"href":"https:\/\/wordpress.hak-steyr.at\/insight7\/wp-json\/wp\/v2\/posts\/9518\/revisions"}],"predecessor-version":[{"id":9524,"href":"https:\/\/wordpress.hak-steyr.at\/insight7\/wp-json\/wp\/v2\/posts\/9518\/revisions\/9524"}],"wp:featuredmedia":[{"embeddable":true,"href":"https:\/\/wordpress.hak-steyr.at\/insight7\/wp-json\/wp\/v2\/media\/9521"}],"wp:attachment":[{"href":"https:\/\/wordpress.hak-steyr.at\/insight7\/wp-json\/wp\/v2\/media?parent=9518"}],"wp:term":[{"taxonomy":"category","embeddable":true,"href":"https:\/\/wordpress.hak-steyr.at\/insight7\/wp-json\/wp\/v2\/categories?post=9518"},{"taxonomy":"post_tag","embeddable":true,"href":"https:\/\/wordpress.hak-steyr.at\/insight7\/wp-json\/wp\/v2\/tags?post=9518"}],"curies":[{"name":"wp","href":"https:\/\/api.w.org\/{rel}","templated":true}]}}