{"id":9940,"date":"2023-11-28T17:00:00","date_gmt":"2023-11-28T16:00:00","guid":{"rendered":"https:\/\/wordpress.hak-steyr.at\/insight7\/?p=9940"},"modified":"2023-11-28T15:43:03","modified_gmt":"2023-11-28T14:43:03","slug":"karrieretag-an-der-hak-steyr","status":"publish","type":"post","link":"https:\/\/wordpress.hak-steyr.at\/insight7\/2023\/11\/28\/karrieretag-an-der-hak-steyr\/","title":{"rendered":"Karrieretag an der HAK Steyr"},"content":{"rendered":"\n<p>Letzten Donnerstag fand f\u00fcr die 4. und 5. Klassen der HAK und f\u00fcr die Abschlussklasse der HAS Steyr der Karrieretag statt.<\/p>\n\n\n<div class=\"wp-block-image\">\n<figure class=\"alignright size-large is-resized\"><a href=\"https:\/\/wordpress.hak-steyr.at\/insight7\/wp-content\/uploads\/2023\/11\/Karrieremesse_Walter-Group.jpg\"><img loading=\"lazy\" decoding=\"async\" width=\"1024\" height=\"683\" src=\"https:\/\/wordpress.hak-steyr.at\/insight7\/wp-content\/uploads\/2023\/11\/Karrieremesse_Walter-Group-1024x683.jpg\" alt=\"\" class=\"wp-image-9949\" style=\"aspect-ratio:1.499267935578331;width:228px;height:auto\" srcset=\"https:\/\/wordpress.hak-steyr.at\/insight7\/wp-content\/uploads\/2023\/11\/Karrieremesse_Walter-Group-1024x683.jpg 1024w, https:\/\/wordpress.hak-steyr.at\/insight7\/wp-content\/uploads\/2023\/11\/Karrieremesse_Walter-Group-300x200.jpg 300w, https:\/\/wordpress.hak-steyr.at\/insight7\/wp-content\/uploads\/2023\/11\/Karrieremesse_Walter-Group-768x512.jpg 768w, https:\/\/wordpress.hak-steyr.at\/insight7\/wp-content\/uploads\/2023\/11\/Karrieremesse_Walter-Group-1536x1024.jpg 1536w, https:\/\/wordpress.hak-steyr.at\/insight7\/wp-content\/uploads\/2023\/11\/Karrieremesse_Walter-Group-450x300.jpg 450w, https:\/\/wordpress.hak-steyr.at\/insight7\/wp-content\/uploads\/2023\/11\/Karrieremesse_Walter-Group-90x60.jpg 90w, https:\/\/wordpress.hak-steyr.at\/insight7\/wp-content\/uploads\/2023\/11\/Karrieremesse_Walter-Group.jpg 2048w\" sizes=\"auto, (max-width: 1024px) 100vw, 1024px\" \/><\/a><\/figure><\/div>\n\n\n<p>Dieser wurde von der 4EK organisiert. \u00dcber 20 Unternehmen aus Steyr und Umgebung wurden in unsere Schule eingeladen, unter anderem die Raiffeisenbank, Hofer und AGRU Kunststofftechnik. Am Vormittag bauten die Unternehmen im Turnsaal ihre Messest\u00e4nde auf, um den Sch\u00fclern zwei Stunden lang Eindr\u00fccke zu vermitteln und Fragen zu beantworten.<\/p>\n\n\n<div class=\"wp-block-image\">\n<figure class=\"alignleft size-large is-resized\"><a href=\"https:\/\/wordpress.hak-steyr.at\/insight7\/wp-content\/uploads\/2023\/11\/Karrieremesse_BMD.jpg\"><img loading=\"lazy\" decoding=\"async\" width=\"1024\" height=\"686\" src=\"https:\/\/wordpress.hak-steyr.at\/insight7\/wp-content\/uploads\/2023\/11\/Karrieremesse_BMD-1024x686.jpg\" alt=\"\" class=\"wp-image-9951\" style=\"aspect-ratio:1.4927113702623906;width:209px;height:auto\" srcset=\"https:\/\/wordpress.hak-steyr.at\/insight7\/wp-content\/uploads\/2023\/11\/Karrieremesse_BMD-1024x686.jpg 1024w, https:\/\/wordpress.hak-steyr.at\/insight7\/wp-content\/uploads\/2023\/11\/Karrieremesse_BMD-300x201.jpg 300w, https:\/\/wordpress.hak-steyr.at\/insight7\/wp-content\/uploads\/2023\/11\/Karrieremesse_BMD-768x514.jpg 768w, https:\/\/wordpress.hak-steyr.at\/insight7\/wp-content\/uploads\/2023\/11\/Karrieremesse_BMD-1536x1028.jpg 1536w, https:\/\/wordpress.hak-steyr.at\/insight7\/wp-content\/uploads\/2023\/11\/Karrieremesse_BMD-450x300.jpg 450w, https:\/\/wordpress.hak-steyr.at\/insight7\/wp-content\/uploads\/2023\/11\/Karrieremesse_BMD-90x60.jpg 90w, https:\/\/wordpress.hak-steyr.at\/insight7\/wp-content\/uploads\/2023\/11\/Karrieremesse_BMD.jpg 2048w\" sizes=\"auto, (max-width: 1024px) 100vw, 1024px\" \/><\/a><\/figure><\/div>\n\n\n<p>Die Sch\u00fclerinnen und Sch\u00fcler nutzten diese Gelegenheit, um sich \u00fcber verschiedene Branchen und Berufsfelder zu informieren. Die direkte Interaktion mit den Vertretern der Unternehmen erm\u00f6glichte es ihnen nicht nur, einen Einblick in die Arbeitswelt zu erhalten, sondern auch potenzielle zuk\u00fcnftige Arbeitgeber kennenzulernen.<br>Zus\u00e4tzlich gab es die Chance, bei verschiedenen Gewinnspielen teilzunehmen und tolle Preise, wie ein Stand-Up-Paddling-Set oder Air-Pods zu gewinnen.<\/p>\n\n\n\n<p>Der Nachmittag wurde mit interessanten Vortr\u00e4gen von Vertretern einiger Unternehmen fortgesetzt. Diese behandelten eine Vielzahl von Themen, darunter auch den Bewerbungsprozess. Die Vortragenden teilten ihr Fachwissen und gaben wertvolle Tipps sowie Ratschl\u00e4ge f\u00fcr einen erfolgreichen Einstieg ins Berufsleben.<\/p>\n<div class=\"pvc_clear\"><\/div><p id=\"pvc_stats_9940\" class=\"pvc_stats total_only  \" data-element-id=\"9940\" style=\"\"><i class=\"pvc-stats-icon medium\" aria-hidden=\"true\"><svg aria-hidden=\"true\" focusable=\"false\" data-prefix=\"far\" data-icon=\"chart-bar\" role=\"img\" xmlns=\"http:\/\/www.w3.org\/2000\/svg\" viewBox=\"0 0 512 512\" class=\"svg-inline--fa fa-chart-bar fa-w-16 fa-2x\"><path fill=\"currentColor\" d=\"M396.8 352h22.4c6.4 0 12.8-6.4 12.8-12.8V108.8c0-6.4-6.4-12.8-12.8-12.8h-22.4c-6.4 0-12.8 6.4-12.8 12.8v230.4c0 6.4 6.4 12.8 12.8 12.8zm-192 0h22.4c6.4 0 12.8-6.4 12.8-12.8V140.8c0-6.4-6.4-12.8-12.8-12.8h-22.4c-6.4 0-12.8 6.4-12.8 12.8v198.4c0 6.4 6.4 12.8 12.8 12.8zm96 0h22.4c6.4 0 12.8-6.4 12.8-12.8V204.8c0-6.4-6.4-12.8-12.8-12.8h-22.4c-6.4 0-12.8 6.4-12.8 12.8v134.4c0 6.4 6.4 12.8 12.8 12.8zM496 400H48V80c0-8.84-7.16-16-16-16H16C7.16 64 0 71.16 0 80v336c0 17.67 14.33 32 32 32h464c8.84 0 16-7.16 16-16v-16c0-8.84-7.16-16-16-16zm-387.2-48h22.4c6.4 0 12.8-6.4 12.8-12.8v-70.4c0-6.4-6.4-12.8-12.8-12.8h-22.4c-6.4 0-12.8 6.4-12.8 12.8v70.4c0 6.4 6.4 12.8 12.8 12.8z\" class=\"\"><\/path><\/svg><\/i> <img loading=\"lazy\" decoding=\"async\" width=\"16\" height=\"16\" alt=\"Loading\" src=\"https:\/\/wordpress.hak-steyr.at\/insight7\/wp-content\/plugins\/page-views-count\/ajax-loader-2x.gif\" border=0 \/><\/p><div class=\"pvc_clear\"><\/div>","protected":false},"excerpt":{"rendered":"<p>Letzten Donnerstag fand f\u00fcr die 4. und 5. Klassen der HAK und f\u00fcr die Abschlussklasse der HAS Steyr der Karrieretag statt. Dieser wurde von der 4EK organisiert. \u00dcber 20 Unternehmen aus Steyr und Umgebung wurden in unsere Schule eingeladen, unter anderem die Raiffeisenbank, Hofer und AGRU Kunststofftechnik. Am Vormittag bauten die Unternehmen im Turnsaal ihre [&hellip;]<\/p>\n","protected":false},"author":30,"featured_media":9953,"comment_status":"closed","ping_status":"closed","sticky":false,"template":"","format":"standard","meta":{"footnotes":""},"categories":[150],"tags":[],"class_list":["post-9940","post","type-post","status-publish","format-standard","has-post-thumbnail","hentry","category-eco"],"yoast_head":"<!-- This site is optimized with the Yoast SEO plugin v26.1.1 - https:\/\/yoast.com\/wordpress\/plugins\/seo\/ -->\n<title>Karrieretag an der HAK Steyr - insight7<\/title>\n<meta name=\"robots\" content=\"index, follow, max-snippet:-1, max-image-preview:large, max-video-preview:-1\" \/>\n<link rel=\"canonical\" href=\"https:\/\/wordpress.hak-steyr.at\/insight7\/2023\/11\/28\/karrieretag-an-der-hak-steyr\/\" \/>\n<meta property=\"og:locale\" content=\"de_DE\" \/>\n<meta property=\"og:type\" content=\"article\" \/>\n<meta property=\"og:title\" content=\"Karrieretag an der HAK Steyr - insight7\" \/>\n<meta property=\"og:description\" content=\"Letzten Donnerstag fand f\u00fcr die 4. und 5. Klassen der HAK und f\u00fcr die Abschlussklasse der HAS Steyr der Karrieretag statt. Dieser wurde von der 4EK organisiert. \u00dcber 20 Unternehmen aus Steyr und Umgebung wurden in unsere Schule eingeladen, unter anderem die Raiffeisenbank, Hofer und AGRU Kunststofftechnik. Am Vormittag bauten die Unternehmen im Turnsaal ihre [&hellip;]\" \/>\n<meta property=\"og:url\" content=\"https:\/\/wordpress.hak-steyr.at\/insight7\/2023\/11\/28\/karrieretag-an-der-hak-steyr\/\" \/>\n<meta property=\"og:site_name\" content=\"insight7\" \/>\n<meta property=\"article:published_time\" content=\"2023-11-28T16:00:00+00:00\" \/>\n<meta property=\"og:image\" content=\"https:\/\/wordpress.hak-steyr.at\/insight7\/wp-content\/uploads\/2023\/11\/Karrieremesse_BB.jpg\" \/>\n\t<meta property=\"og:image:width\" content=\"2048\" \/>\n\t<meta property=\"og:image:height\" content=\"1365\" \/>\n\t<meta property=\"og:image:type\" content=\"image\/jpeg\" \/>\n<meta name=\"author\" content=\"Redakteur.in Insight7\" \/>\n<meta name=\"twitter:card\" content=\"summary_large_image\" \/>\n<meta name=\"twitter:label1\" content=\"Verfasst von\" \/>\n\t<meta name=\"twitter:data1\" content=\"Redakteur.in Insight7\" \/>\n\t<meta name=\"twitter:label2\" content=\"Gesch\u00e4tzte Lesezeit\" \/>\n\t<meta name=\"twitter:data2\" content=\"1\u00a0Minute\" \/>\n<script type=\"application\/ld+json\" class=\"yoast-schema-graph\">{\"@context\":\"https:\/\/schema.org\",\"@graph\":[{\"@type\":\"Article\",\"@id\":\"https:\/\/wordpress.hak-steyr.at\/insight7\/2023\/11\/28\/karrieretag-an-der-hak-steyr\/#article\",\"isPartOf\":{\"@id\":\"https:\/\/wordpress.hak-steyr.at\/insight7\/2023\/11\/28\/karrieretag-an-der-hak-steyr\/\"},\"author\":{\"name\":\"Redakteur.in Insight7\",\"@id\":\"https:\/\/wordpress.hak-steyr.at\/insight7\/#\/schema\/person\/0a70a0a982d4f8b4a84fea55af6f09df\"},\"headline\":\"Karrieretag an der HAK Steyr\",\"datePublished\":\"2023-11-28T16:00:00+00:00\",\"mainEntityOfPage\":{\"@id\":\"https:\/\/wordpress.hak-steyr.at\/insight7\/2023\/11\/28\/karrieretag-an-der-hak-steyr\/\"},\"wordCount\":184,\"publisher\":{\"@id\":\"https:\/\/wordpress.hak-steyr.at\/insight7\/#organization\"},\"image\":{\"@id\":\"https:\/\/wordpress.hak-steyr.at\/insight7\/2023\/11\/28\/karrieretag-an-der-hak-steyr\/#primaryimage\"},\"thumbnailUrl\":\"https:\/\/wordpress.hak-steyr.at\/insight7\/wp-content\/uploads\/2023\/11\/Karrieremesse_BB.jpg\",\"articleSection\":[\"Economy\"],\"inLanguage\":\"de\"},{\"@type\":\"WebPage\",\"@id\":\"https:\/\/wordpress.hak-steyr.at\/insight7\/2023\/11\/28\/karrieretag-an-der-hak-steyr\/\",\"url\":\"https:\/\/wordpress.hak-steyr.at\/insight7\/2023\/11\/28\/karrieretag-an-der-hak-steyr\/\",\"name\":\"Karrieretag an der HAK Steyr - insight7\",\"isPartOf\":{\"@id\":\"https:\/\/wordpress.hak-steyr.at\/insight7\/#website\"},\"primaryImageOfPage\":{\"@id\":\"https:\/\/wordpress.hak-steyr.at\/insight7\/2023\/11\/28\/karrieretag-an-der-hak-steyr\/#primaryimage\"},\"image\":{\"@id\":\"https:\/\/wordpress.hak-steyr.at\/insight7\/2023\/11\/28\/karrieretag-an-der-hak-steyr\/#primaryimage\"},\"thumbnailUrl\":\"https:\/\/wordpress.hak-steyr.at\/insight7\/wp-content\/uploads\/2023\/11\/Karrieremesse_BB.jpg\",\"datePublished\":\"2023-11-28T16:00:00+00:00\",\"breadcrumb\":{\"@id\":\"https:\/\/wordpress.hak-steyr.at\/insight7\/2023\/11\/28\/karrieretag-an-der-hak-steyr\/#breadcrumb\"},\"inLanguage\":\"de\",\"potentialAction\":[{\"@type\":\"ReadAction\",\"target\":[\"https:\/\/wordpress.hak-steyr.at\/insight7\/2023\/11\/28\/karrieretag-an-der-hak-steyr\/\"]}]},{\"@type\":\"ImageObject\",\"inLanguage\":\"de\",\"@id\":\"https:\/\/wordpress.hak-steyr.at\/insight7\/2023\/11\/28\/karrieretag-an-der-hak-steyr\/#primaryimage\",\"url\":\"https:\/\/wordpress.hak-steyr.at\/insight7\/wp-content\/uploads\/2023\/11\/Karrieremesse_BB.jpg\",\"contentUrl\":\"https:\/\/wordpress.hak-steyr.at\/insight7\/wp-content\/uploads\/2023\/11\/Karrieremesse_BB.jpg\",\"width\":2048,\"height\":1365},{\"@type\":\"BreadcrumbList\",\"@id\":\"https:\/\/wordpress.hak-steyr.at\/insight7\/2023\/11\/28\/karrieretag-an-der-hak-steyr\/#breadcrumb\",\"itemListElement\":[{\"@type\":\"ListItem\",\"position\":1,\"name\":\"Startseite\",\"item\":\"https:\/\/wordpress.hak-steyr.at\/insight7\/\"},{\"@type\":\"ListItem\",\"position\":2,\"name\":\"Karrieretag an der HAK Steyr\"}]},{\"@type\":\"WebSite\",\"@id\":\"https:\/\/wordpress.hak-steyr.at\/insight7\/#website\",\"url\":\"https:\/\/wordpress.hak-steyr.at\/insight7\/\",\"name\":\"insight7\",\"description\":\"Onlinesch\u00fclerzeitung der BHAK\/BHAS Steyr\",\"publisher\":{\"@id\":\"https:\/\/wordpress.hak-steyr.at\/insight7\/#organization\"},\"potentialAction\":[{\"@type\":\"SearchAction\",\"target\":{\"@type\":\"EntryPoint\",\"urlTemplate\":\"https:\/\/wordpress.hak-steyr.at\/insight7\/?s={search_term_string}\"},\"query-input\":{\"@type\":\"PropertyValueSpecification\",\"valueRequired\":true,\"valueName\":\"search_term_string\"}}],\"inLanguage\":\"de\"},{\"@type\":\"Organization\",\"@id\":\"https:\/\/wordpress.hak-steyr.at\/insight7\/#organization\",\"name\":\"Sch\u00fclerzeitung der HAK\/HAS Steyr\",\"url\":\"https:\/\/wordpress.hak-steyr.at\/insight7\/\",\"logo\":{\"@type\":\"ImageObject\",\"inLanguage\":\"de\",\"@id\":\"https:\/\/wordpress.hak-steyr.at\/insight7\/#\/schema\/logo\/image\/\",\"url\":\"https:\/\/wordpress.hak-steyr.at\/insight7\/wp-content\/uploads\/2025\/03\/Quadrat_HAKhoodie.jpg\",\"contentUrl\":\"https:\/\/wordpress.hak-steyr.at\/insight7\/wp-content\/uploads\/2025\/03\/Quadrat_HAKhoodie.jpg\",\"width\":1181,\"height\":1181,\"caption\":\"Sch\u00fclerzeitung der HAK\/HAS Steyr\"},\"image\":{\"@id\":\"https:\/\/wordpress.hak-steyr.at\/insight7\/#\/schema\/logo\/image\/\"}},{\"@type\":\"Person\",\"@id\":\"https:\/\/wordpress.hak-steyr.at\/insight7\/#\/schema\/person\/0a70a0a982d4f8b4a84fea55af6f09df\",\"name\":\"Redakteur.in Insight7\",\"url\":\"https:\/\/wordpress.hak-steyr.at\/insight7\/author\/redakteurin-insight7\/\"}]}<\/script>\n<!-- \/ Yoast SEO plugin. -->","yoast_head_json":{"title":"Karrieretag an der HAK Steyr - insight7","robots":{"index":"index","follow":"follow","max-snippet":"max-snippet:-1","max-image-preview":"max-image-preview:large","max-video-preview":"max-video-preview:-1"},"canonical":"https:\/\/wordpress.hak-steyr.at\/insight7\/2023\/11\/28\/karrieretag-an-der-hak-steyr\/","og_locale":"de_DE","og_type":"article","og_title":"Karrieretag an der HAK Steyr - insight7","og_description":"Letzten Donnerstag fand f\u00fcr die 4. und 5. Klassen der HAK und f\u00fcr die Abschlussklasse der HAS Steyr der Karrieretag statt. Dieser wurde von der 4EK organisiert. \u00dcber 20 Unternehmen aus Steyr und Umgebung wurden in unsere Schule eingeladen, unter anderem die Raiffeisenbank, Hofer und AGRU Kunststofftechnik. Am Vormittag bauten die Unternehmen im Turnsaal ihre [&hellip;]","og_url":"https:\/\/wordpress.hak-steyr.at\/insight7\/2023\/11\/28\/karrieretag-an-der-hak-steyr\/","og_site_name":"insight7","article_published_time":"2023-11-28T16:00:00+00:00","og_image":[{"width":2048,"height":1365,"url":"https:\/\/wordpress.hak-steyr.at\/insight7\/wp-content\/uploads\/2023\/11\/Karrieremesse_BB.jpg","type":"image\/jpeg"}],"author":"Redakteur.in Insight7","twitter_card":"summary_large_image","twitter_misc":{"Verfasst von":"Redakteur.in Insight7","Gesch\u00e4tzte Lesezeit":"1\u00a0Minute"},"schema":{"@context":"https:\/\/schema.org","@graph":[{"@type":"Article","@id":"https:\/\/wordpress.hak-steyr.at\/insight7\/2023\/11\/28\/karrieretag-an-der-hak-steyr\/#article","isPartOf":{"@id":"https:\/\/wordpress.hak-steyr.at\/insight7\/2023\/11\/28\/karrieretag-an-der-hak-steyr\/"},"author":{"name":"Redakteur.in Insight7","@id":"https:\/\/wordpress.hak-steyr.at\/insight7\/#\/schema\/person\/0a70a0a982d4f8b4a84fea55af6f09df"},"headline":"Karrieretag an der HAK Steyr","datePublished":"2023-11-28T16:00:00+00:00","mainEntityOfPage":{"@id":"https:\/\/wordpress.hak-steyr.at\/insight7\/2023\/11\/28\/karrieretag-an-der-hak-steyr\/"},"wordCount":184,"publisher":{"@id":"https:\/\/wordpress.hak-steyr.at\/insight7\/#organization"},"image":{"@id":"https:\/\/wordpress.hak-steyr.at\/insight7\/2023\/11\/28\/karrieretag-an-der-hak-steyr\/#primaryimage"},"thumbnailUrl":"https:\/\/wordpress.hak-steyr.at\/insight7\/wp-content\/uploads\/2023\/11\/Karrieremesse_BB.jpg","articleSection":["Economy"],"inLanguage":"de"},{"@type":"WebPage","@id":"https:\/\/wordpress.hak-steyr.at\/insight7\/2023\/11\/28\/karrieretag-an-der-hak-steyr\/","url":"https:\/\/wordpress.hak-steyr.at\/insight7\/2023\/11\/28\/karrieretag-an-der-hak-steyr\/","name":"Karrieretag an der HAK Steyr - insight7","isPartOf":{"@id":"https:\/\/wordpress.hak-steyr.at\/insight7\/#website"},"primaryImageOfPage":{"@id":"https:\/\/wordpress.hak-steyr.at\/insight7\/2023\/11\/28\/karrieretag-an-der-hak-steyr\/#primaryimage"},"image":{"@id":"https:\/\/wordpress.hak-steyr.at\/insight7\/2023\/11\/28\/karrieretag-an-der-hak-steyr\/#primaryimage"},"thumbnailUrl":"https:\/\/wordpress.hak-steyr.at\/insight7\/wp-content\/uploads\/2023\/11\/Karrieremesse_BB.jpg","datePublished":"2023-11-28T16:00:00+00:00","breadcrumb":{"@id":"https:\/\/wordpress.hak-steyr.at\/insight7\/2023\/11\/28\/karrieretag-an-der-hak-steyr\/#breadcrumb"},"inLanguage":"de","potentialAction":[{"@type":"ReadAction","target":["https:\/\/wordpress.hak-steyr.at\/insight7\/2023\/11\/28\/karrieretag-an-der-hak-steyr\/"]}]},{"@type":"ImageObject","inLanguage":"de","@id":"https:\/\/wordpress.hak-steyr.at\/insight7\/2023\/11\/28\/karrieretag-an-der-hak-steyr\/#primaryimage","url":"https:\/\/wordpress.hak-steyr.at\/insight7\/wp-content\/uploads\/2023\/11\/Karrieremesse_BB.jpg","contentUrl":"https:\/\/wordpress.hak-steyr.at\/insight7\/wp-content\/uploads\/2023\/11\/Karrieremesse_BB.jpg","width":2048,"height":1365},{"@type":"BreadcrumbList","@id":"https:\/\/wordpress.hak-steyr.at\/insight7\/2023\/11\/28\/karrieretag-an-der-hak-steyr\/#breadcrumb","itemListElement":[{"@type":"ListItem","position":1,"name":"Startseite","item":"https:\/\/wordpress.hak-steyr.at\/insight7\/"},{"@type":"ListItem","position":2,"name":"Karrieretag an der HAK Steyr"}]},{"@type":"WebSite","@id":"https:\/\/wordpress.hak-steyr.at\/insight7\/#website","url":"https:\/\/wordpress.hak-steyr.at\/insight7\/","name":"insight7","description":"Onlinesch\u00fclerzeitung der BHAK\/BHAS Steyr","publisher":{"@id":"https:\/\/wordpress.hak-steyr.at\/insight7\/#organization"},"potentialAction":[{"@type":"SearchAction","target":{"@type":"EntryPoint","urlTemplate":"https:\/\/wordpress.hak-steyr.at\/insight7\/?s={search_term_string}"},"query-input":{"@type":"PropertyValueSpecification","valueRequired":true,"valueName":"search_term_string"}}],"inLanguage":"de"},{"@type":"Organization","@id":"https:\/\/wordpress.hak-steyr.at\/insight7\/#organization","name":"Sch\u00fclerzeitung der HAK\/HAS Steyr","url":"https:\/\/wordpress.hak-steyr.at\/insight7\/","logo":{"@type":"ImageObject","inLanguage":"de","@id":"https:\/\/wordpress.hak-steyr.at\/insight7\/#\/schema\/logo\/image\/","url":"https:\/\/wordpress.hak-steyr.at\/insight7\/wp-content\/uploads\/2025\/03\/Quadrat_HAKhoodie.jpg","contentUrl":"https:\/\/wordpress.hak-steyr.at\/insight7\/wp-content\/uploads\/2025\/03\/Quadrat_HAKhoodie.jpg","width":1181,"height":1181,"caption":"Sch\u00fclerzeitung der HAK\/HAS Steyr"},"image":{"@id":"https:\/\/wordpress.hak-steyr.at\/insight7\/#\/schema\/logo\/image\/"}},{"@type":"Person","@id":"https:\/\/wordpress.hak-steyr.at\/insight7\/#\/schema\/person\/0a70a0a982d4f8b4a84fea55af6f09df","name":"Redakteur.in Insight7","url":"https:\/\/wordpress.hak-steyr.at\/insight7\/author\/redakteurin-insight7\/"}]}},"_links":{"self":[{"href":"https:\/\/wordpress.hak-steyr.at\/insight7\/wp-json\/wp\/v2\/posts\/9940","targetHints":{"allow":["GET"]}}],"collection":[{"href":"https:\/\/wordpress.hak-steyr.at\/insight7\/wp-json\/wp\/v2\/posts"}],"about":[{"href":"https:\/\/wordpress.hak-steyr.at\/insight7\/wp-json\/wp\/v2\/types\/post"}],"author":[{"embeddable":true,"href":"https:\/\/wordpress.hak-steyr.at\/insight7\/wp-json\/wp\/v2\/users\/30"}],"replies":[{"embeddable":true,"href":"https:\/\/wordpress.hak-steyr.at\/insight7\/wp-json\/wp\/v2\/comments?post=9940"}],"version-history":[{"count":17,"href":"https:\/\/wordpress.hak-steyr.at\/insight7\/wp-json\/wp\/v2\/posts\/9940\/revisions"}],"predecessor-version":[{"id":9971,"href":"https:\/\/wordpress.hak-steyr.at\/insight7\/wp-json\/wp\/v2\/posts\/9940\/revisions\/9971"}],"wp:featuredmedia":[{"embeddable":true,"href":"https:\/\/wordpress.hak-steyr.at\/insight7\/wp-json\/wp\/v2\/media\/9953"}],"wp:attachment":[{"href":"https:\/\/wordpress.hak-steyr.at\/insight7\/wp-json\/wp\/v2\/media?parent=9940"}],"wp:term":[{"taxonomy":"category","embeddable":true,"href":"https:\/\/wordpress.hak-steyr.at\/insight7\/wp-json\/wp\/v2\/categories?post=9940"},{"taxonomy":"post_tag","embeddable":true,"href":"https:\/\/wordpress.hak-steyr.at\/insight7\/wp-json\/wp\/v2\/tags?post=9940"}],"curies":[{"name":"wp","href":"https:\/\/api.w.org\/{rel}","templated":true}]}}